{"id":358120,"date":"2026-08-30T14:58:18","date_gmt":"2026-08-30T14:58:18","guid":{"rendered":"https:\/\/www.europesays.com\/se\/358120\/"},"modified":"2026-08-30T14:58:18","modified_gmt":"2026-08-30T14:58:18","slug":"kristersson-som-bast-trea-i-ny-partiledarmatning","status":"publish","type":"post","link":"https:\/\/www.europesays.com\/se\/358120\/","title":{"rendered":"Kristersson som b\u00e4st trea i ny partiledarm\u00e4tning"},"content":{"rendered":"<p class=\"wp-block-paragraph\">Magdalena Andersson vinner fyra av sex kategorier n\u00e4r v\u00e4ljarna bed\u00f6mer partiledarnas egenskaper. Ulf Kristersson n\u00e5r d\u00e4remot aldrig topp tv\u00e5 och blir som b\u00e4st trea i SVT\/Verians nya m\u00e4tning, tv\u00e5 veckor f\u00f6re valet.<\/p>\n<p class=\"wp-block-paragraph\">V\u00e4ljarna har f\u00e5tt bed\u00f6ma ledarnas kompetens, tydlighet, f\u00f6rm\u00e5ga att leda, karisma, sympati och hur f\u00f6rtroendeingivande de \u00e4r. Andersson f\u00e5r h\u00f6gst resultat i de fyra kategorier som ligger n\u00e4rmast regeringsduglighet och personligt f\u00f6rtroende.<\/p>\n<p class=\"wp-block-paragraph\">Ebba Busch bed\u00f6ms som mest karismatisk medan Jimmie \u00c5kesson \u00e4r tydligast. De b\u00e5da g\u00e5r dessutom f\u00f6re Kristersson i fyra av de sex kategorierna.<\/p>\n<p>S\u00e5 rankas partiledarna i de sex egenskaperna<\/p>\n<p class=\"wp-block-paragraph\">Siffrorna visar andelen som anser att egenskapen st\u00e4mmer ganska eller mycket bra p\u00e5 respektive partiledare. V\u00e4ljarna har bed\u00f6mt varje person separat. Det handlar allts\u00e5 inte om en fr\u00e5ga d\u00e4r de tvingats v\u00e4lja en enda vinnare.<\/p>\n<tr>EgenskapTopp tre<\/tr>\n<tr>\n<td>F\u00f6rm\u00e5ga att leda<\/td>\n<td>1. Magdalena Andersson 58,7 procent, 2. Jimmie \u00c5kesson 56,8, 3. Ebba Busch 56,1<\/td>\n<\/tr>\n<tr>\n<td>F\u00f6rtroendeingivande<\/td>\n<td>1. Magdalena Andersson 56,4 procent, 2. Ebba Busch 47,4, 3. Jimmie \u00c5kesson 44,7<\/td>\n<\/tr>\n<tr>\n<td>Kompetent<\/td>\n<td>1. Magdalena Andersson 65,3 procent, 2. Ebba Busch 55,6, 3. Ulf Kristersson 52,1<\/td>\n<\/tr>\n<tr>\n<td>Sympatisk<\/td>\n<td>1. Magdalena Andersson 54,1 procent, 2. Ebba Busch 41,6, 3. Ulf Kristersson 39,6<\/td>\n<\/tr>\n<tr>\n<td>Karismatisk<\/td>\n<td>1. Ebba Busch 63,9 procent, 2. Jimmie \u00c5kesson 50,6, 3. Magdalena Andersson 38,2<\/td>\n<\/tr>\n<tr>\n<td>Tydlig<\/td>\n<td>1. Jimmie \u00c5kesson 63,8 procent, 2. Ebba Busch 62,1, 3. Magdalena Andersson 54,6<\/td>\n<\/tr>\n<p class=\"wp-block-paragraph\">Samtliga resultat och uppdelningar efter olika v\u00e4ljargrupper finns i <a href=\"https:\/\/www.svt.se\/special\/sa-tycker-valjarna-om-partiledarna\/\" rel=\"nofollow noopener\" target=\"_blank\">SVT:s interaktiva partiledarm\u00e4tning<\/a>.<\/p>\n<p>Kristersson fyra i fyra kategorier<\/p>\n<p class=\"wp-block-paragraph\">Kristersson tar tredjeplatsen i kompetens och sympati. I ledarf\u00f6rm\u00e5ga, f\u00f6rtroende, karisma och tydlighet hamnar han fyra.<\/p>\n<p class=\"wp-block-paragraph\">Avst\u00e5ndet \u00e4r st\u00f6rst i fr\u00e5gan om f\u00f6rm\u00e5gan att leda. Andersson f\u00e5r d\u00e4r 58,7 procent, \u00c5kesson 56,8 och Busch 56,1. Kristersson stannar p\u00e5 43,9 procent.<\/p>\n<p class=\"wp-block-paragraph\">\u00c4ven i f\u00f6rtroende g\u00e5r tre partiledare f\u00f6re statsministern. Andersson f\u00e5r 56,4 procent, Busch 47,4 och \u00c5kesson 44,7, j\u00e4mf\u00f6rt med Kristerssons 40,6 procent.<\/p>\n<p class=\"wp-block-paragraph\">Resultatet betyder inte att v\u00e4ljarna genomg\u00e5ende ger honom l\u00e5ga betyg. I kompetens f\u00e5r han 52,1 procent och ligger bara en halv procentenhet f\u00f6re \u00c5kesson. S\u00e5 sm\u00e5 skillnader ska inte beskrivas som statistiskt s\u00e4kra. Det anm\u00e4rkningsv\u00e4rda \u00e4r i st\u00e4llet att den sittande statsministern inte n\u00e5r topp tv\u00e5 n\u00e5gonstans.<\/p>\n<p class=\"wp-block-paragraph\">Statsvetaren Tommy M\u00f6ller vid Stockholms universitet beskriver placeringen som \u00f6verraskande med tanke p\u00e5 Kristerssons roll och Moderaternas storlek. Han pekar ocks\u00e5 p\u00e5 hur svensk politik blivit mer personifierad och att f\u00f6rtroendet f\u00f6r partiledaren kan p\u00e5verka partiets st\u00f6d.<\/p>\n<p>Ebba Busch topp tre \u00f6verallt<\/p>\n<p class=\"wp-block-paragraph\">Vid sidan av Magdalena Andersson har Ebba Busch m\u00e4tningens bredaste personliga profil. De \u00e4r de enda tv\u00e5 ledarna som placerar sig bland de tre fr\u00e4msta i alla sex kategorier.<\/p>\n<p class=\"wp-block-paragraph\">Hon vinner karisma, blir tv\u00e5a i f\u00f6rtroende, kompetens, sympati och tydlighet samt trea i ledarf\u00f6rm\u00e5ga. I fyra kategorier g\u00e5r hon f\u00f6re Kristersson.<\/p>\n<p class=\"wp-block-paragraph\">Det ligger i linje med en separat f\u00f6rtroendem\u00e4tning fr\u00e5n Novus, publicerad den 28 augusti. D\u00e4r f\u00e5r Andersson 46 procent, Busch 36, Kristersson 35 och \u00c5kesson 32. Fr\u00e5gorna och metoderna skiljer sig, men b\u00e5da unders\u00f6kningarna placerar Busch f\u00f6re statsministern i v\u00e4ljarnas personliga bed\u00f6mning.<\/p>\n<p class=\"wp-block-paragraph\">\u00c5kessons tydligaste styrkor finns i kommunikationen och ledarskapet. Han vinner kategorin tydlig och blir tv\u00e5a i b\u00e5de karisma och f\u00f6rm\u00e5ga att leda. D\u00e4remot hamnar han fyra i kompetens och sympati.<\/p>\n<p class=\"wp-block-paragraph\">Bland ledarna bakom toppfyran f\u00e5r Amanda Lind h\u00f6gst resultat i f\u00f6rtroende, kompetens och sympati. Nooshi Dadgostar \u00e4r starkast i samma grupp n\u00e4r det g\u00e4ller ledarf\u00f6rm\u00e5ga, karisma och tydlighet. Ingen av dem n\u00e5r topp fyra i n\u00e5gon kategori.<\/p>\n<p class=\"wp-block-paragraph\">Centerledaren Elisabeth Thand Ringqvists relativt l\u00e5ga personbetyg sticker ut eftersom partiet samtidigt har lyft kraftigt i opinionen. I <a href=\"https:\/\/hurbra.se\/svt-verian-augusti-2026\/\" rel=\"nofollow noopener\" target=\"_blank\">SVT\/Verians augustim\u00e4tning<\/a> n\u00e5dde Centerpartiet 8,0 procent, den h\u00f6gsta niv\u00e5n i Verians m\u00e4tningar sedan 2021. Partiets uppg\u00e5ng verkar allts\u00e5 inte vara beroende av att ledaren dominerar de personliga j\u00e4mf\u00f6relserna.<\/p>\n<p>Andersson har det personliga \u00f6vertaget<\/p>\n<p class=\"wp-block-paragraph\">F\u00f6r kampen mellan Andersson och Kristersson \u00e4r resultatet entydigt. Andersson f\u00e5r ett h\u00f6gre v\u00e4rde i samtliga sex egenskaper. Hon vinner kompetens, sympati, ledarf\u00f6rm\u00e5ga och f\u00f6rtroende och blir trea i karisma och tydlighet.<\/p>\n<p class=\"wp-block-paragraph\">Det st\u00e4rker hennes personliga utg\u00e5ngsl\u00e4ge inf\u00f6r valdagen den 13 september. D\u00e4remot avg\u00f6r m\u00e4tningen inte vem som blir statsminister. V\u00e4ljarna r\u00f6star p\u00e5 partier och kandidater till riksdagen, inte direkt p\u00e5 Andersson eller Kristersson. Efter valet f\u00f6resl\u00e5r talmannen en statsminister som riksdagen r\u00f6star om.<\/p>\n<p class=\"wp-block-paragraph\">Mandatf\u00f6rdelningen och partiernas besked om samarbeten blir d\u00e4rf\u00f6r avg\u00f6rande. Hurbra har samlat de aktuella positionerna i guiden till <a href=\"https:\/\/hurbra.se\/regering-efter-valet-2026\/\" rel=\"nofollow noopener\" target=\"_blank\">hur partierna vill bilda regering efter valet<\/a>.<\/p>\n<p class=\"wp-block-paragraph\">\u00c4ven opinionsl\u00e4get r\u00f6r sig. SVT\/Verians augustibarometer gav oppositionen 53,9 procent mot Tid\u00f6partiernas 43,9. En senare m\u00e4tning fr\u00e5n Indikator Opinion visade ett mindre gap, 51,3 mot 46,6 procent. Andersson har ett tydligt personligt \u00f6vertag i den nya egenskapsm\u00e4tningen, men statsministerposten avg\u00f6rs av valresultatet, riksdagssp\u00e4rren och vilka regeringsalternativ som kan f\u00e5 st\u00f6d i riksdagen.<\/p>\n<p>S\u00e5 gjordes unders\u00f6kningen<\/p>\n<p class=\"wp-block-paragraph\">M\u00e4tningen genomf\u00f6rdes mellan den 28 juli och 16 augusti. Svaren samlades in via Verians webbpanel och v\u00e4gdes efter k\u00f6n, \u00e5lder, utbildningsniv\u00e5 och partival 2022.<\/p>\n<p class=\"wp-block-paragraph\">Fr\u00e5gan l\u00f6d: \u201dHur v\u00e4l st\u00e4mmer f\u00f6ljande egenskaper in p\u00e5 respektive partiledare?\u201d Resultaten best\u00e5r av dem som svarat ganska bra eller mycket bra.<\/p>\n<p class=\"wp-block-paragraph\">SVT:s publiceringar anger tv\u00e5 olika urvalsstorlekar. Nyhetstexten uppger att 6 047 personer intervjuades i den st\u00f6rre valunders\u00f6kningen. Den interaktiva datasidan anger att drygt 1 500 intervjuer gjordes f\u00f6r just fr\u00e5gan om partiledarnas egenskaper.<\/p>\n<p class=\"wp-block-paragraph\">Valdagen \u00e4r s\u00f6ndag den 13 september 2026. F\u00f6rtidsr\u00f6stningen har p\u00e5g\u00e5tt sedan den 26 augusti.<\/p>\n","protected":false},"excerpt":{"rendered":"Magdalena Andersson vinner fyra av sex kategorier n\u00e4r v\u00e4ljarna bed\u00f6mer partiledarnas egenskaper. Ulf Kristersson n\u00e5r d\u00e4remot aldrig topp&hellip;\n","protected":false},"author":2,"featured_media":358121,"comment_status":"","ping_status":"","sticky":false,"template":"","format":"standard","meta":{"footnotes":"","_share_on_mastodon":"0"},"categories":[12],"tags":[22,23,1106,26,27,17,21,1562,24,25,2186,28,29,15,16,18,34,31,33,17332,32,30,19,20,1111,3416],"class_list":["post-358120","post","type-post","status-publish","format-standard","has-post-thumbnail","category-sverige","tag-breaking-news","tag-breakingnews","tag-ebba-busch","tag-featured-news","tag-featurednews","tag-headlines","tag-huvudnyheter","tag-jimmie-akesson","tag-latest-news","tag-latestnews","tag-magdalena-andersson","tag-main-news","tag-mainnews","tag-news","tag-nyheter","tag-rubriker","tag-se","tag-svenska","tag-sverige","tag-svt-verian","tag-sweden","tag-swedish","tag-top-stories","tag-topstories","tag-ulf-kristersson","tag-valet-2026"],"share_on_mastodon":{"url":"https:\/\/pubeurope.com\/@se\/117185052876686835","error":""},"_links":{"self":[{"href":"https:\/\/www.europesays.com\/se\/wp-json\/wp\/v2\/posts\/358120","targetHints":{"allow":["GET"]}}],"collection":[{"href":"https:\/\/www.europesays.com\/se\/wp-json\/wp\/v2\/posts"}],"about":[{"href":"https:\/\/www.europesays.com\/se\/wp-json\/wp\/v2\/types\/post"}],"author":[{"embeddable":true,"href":"https:\/\/www.europesays.com\/se\/wp-json\/wp\/v2\/users\/2"}],"replies":[{"embeddable":true,"href":"https:\/\/www.europesays.com\/se\/wp-json\/wp\/v2\/comments?post=358120"}],"version-history":[{"count":0,"href":"https:\/\/www.europesays.com\/se\/wp-json\/wp\/v2\/posts\/358120\/revisions"}],"wp:featuredmedia":[{"embeddable":true,"href":"https:\/\/www.europesays.com\/se\/wp-json\/wp\/v2\/media\/358121"}],"wp:attachment":[{"href":"https:\/\/www.europesays.com\/se\/wp-json\/wp\/v2\/media?parent=358120"}],"wp:term":[{"taxonomy":"category","embeddable":true,"href":"https:\/\/www.europesays.com\/se\/wp-json\/wp\/v2\/categories?post=358120"},{"taxonomy":"post_tag","embeddable":true,"href":"https:\/\/www.europesays.com\/se\/wp-json\/wp\/v2\/tags?post=358120"}],"curies":[{"name":"wp","href":"https:\/\/api.w.org\/{rel}","templated":true}]}}