{"id":358126,"date":"2026-08-30T15:06:08","date_gmt":"2026-08-30T15:06:08","guid":{"rendered":"https:\/\/www.europesays.com\/se\/358126\/"},"modified":"2026-08-30T15:06:08","modified_gmt":"2026-08-30T15:06:08","slug":"usas-turistnaring-lockar-kanadensare-med-rabatter","status":"publish","type":"post","link":"https:\/\/www.europesays.com\/se\/358126\/","title":{"rendered":"USA:s turistn\u00e4ring lockar kanadensare med rabatter"},"content":{"rendered":"<p>Turismindustrin i flera amerikanska st\u00e4der g\u00f6r allt i sin makt f\u00f6r att inte g\u00e5 miste om sina nordliga grannars reskassor under handelskriget, skriver Financial Times.<\/p>\n<p>I New York erbjuder verksamheter \u201dNorthern neighbor deals\u201d med kraftigt rabatterade priser p\u00e5 hotell, flyg, restauranger och attraktioner.<\/p>\n<p>\u201dNew York \u00e4lskar Kanada. Vi har tur som har grannar som er!\u201d st\u00e5r det p\u00e5 delstatens officiella turisthemsida.<\/p>\n<p>I Las Vegas erbjuds kanadensare att v\u00e4xla in en kanadensisk dollar mot en amerikansk, trots att v\u00e4xelkursen \u00e4r 72 cent.<\/p>\n<p>Skidresorten Jay Peak Resort i Vermont har skrivit ett \u00f6ppet brev till kanadensarna.<\/p>\n<p>\u201dVi vill inte tala om f\u00f6r folk vad de ska tycka om tullar, handel och politik, men vi har en \u00e5sikt om allt som \u00f6kar avst\u00e5ndet mellan goda grannar. Vi gillar det inte\u201d, skriver chefen Steve Wright.<\/p>\n<p>Omni \u00e4r politiskt obundna och oberoende. Vi str\u00e4var efter att ge fler perspektiv p\u00e5 nyheterna. Har du fr\u00e5gor eller synpunkter kring v\u00e5r rapportering? <a href=\"https:\/\/omni.se\/usa-s-turistnaring-lockar-kanadensare-med-rabatter\/a\/mailto:redaktion@omni.se\" class=\"ArticleActions-module-scss-module__w9u9BG__contactLink\" rel=\"nofollow noopener\" target=\"_blank\">Kontakta redaktionen<\/a><\/p>\n","protected":false},"excerpt":{"rendered":"Turismindustrin i flera amerikanska st\u00e4der g\u00f6r allt i sin makt f\u00f6r att inte g\u00e5 miste om sina nordliga&hellip;\n","protected":false},"author":2,"featured_media":358127,"comment_status":"","ping_status":"","sticky":false,"template":"","format":"standard","meta":{"footnotes":"","_share_on_mastodon":"0"},"categories":[14],"tags":[22,23,26,27,17,21,1091,24,25,28,29,15,268,16,18,34,31,33,32,30,19,20,77,74,51,52,53,54],"class_list":["post-358126","post","type-post","status-publish","format-standard","has-post-thumbnail","category-varlden","tag-breaking-news","tag-breakingnews","tag-featured-news","tag-featurednews","tag-headlines","tag-huvudnyheter","tag-kanada","tag-latest-news","tag-latestnews","tag-main-news","tag-mainnews","tag-news","tag-nordamerika","tag-nyheter","tag-rubriker","tag-se","tag-svenska","tag-sverige","tag-sweden","tag-swedish","tag-top-stories","tag-topstories","tag-tullkrisen","tag-usa","tag-varlden","tag-world","tag-world-news","tag-worldnews"],"share_on_mastodon":{"url":"https:\/\/pubeurope.com\/@se\/117185084323959376","error":""},"_links":{"self":[{"href":"https:\/\/www.europesays.com\/se\/wp-json\/wp\/v2\/posts\/358126","targetHints":{"allow":["GET"]}}],"collection":[{"href":"https:\/\/www.europesays.com\/se\/wp-json\/wp\/v2\/posts"}],"about":[{"href":"https:\/\/www.europesays.com\/se\/wp-json\/wp\/v2\/types\/post"}],"author":[{"embeddable":true,"href":"https:\/\/www.europesays.com\/se\/wp-json\/wp\/v2\/users\/2"}],"replies":[{"embeddable":true,"href":"https:\/\/www.europesays.com\/se\/wp-json\/wp\/v2\/comments?post=358126"}],"version-history":[{"count":0,"href":"https:\/\/www.europesays.com\/se\/wp-json\/wp\/v2\/posts\/358126\/revisions"}],"wp:featuredmedia":[{"embeddable":true,"href":"https:\/\/www.europesays.com\/se\/wp-json\/wp\/v2\/media\/358127"}],"wp:attachment":[{"href":"https:\/\/www.europesays.com\/se\/wp-json\/wp\/v2\/media?parent=358126"}],"wp:term":[{"taxonomy":"category","embeddable":true,"href":"https:\/\/www.europesays.com\/se\/wp-json\/wp\/v2\/categories?post=358126"},{"taxonomy":"post_tag","embeddable":true,"href":"https:\/\/www.europesays.com\/se\/wp-json\/wp\/v2\/tags?post=358126"}],"curies":[{"name":"wp","href":"https:\/\/api.w.org\/{rel}","templated":true}]}}