{"id":358214,"date":"2026-08-30T17:00:30","date_gmt":"2026-08-30T17:00:30","guid":{"rendered":"https:\/\/www.europesays.com\/se\/358214\/"},"modified":"2026-08-30T17:00:30","modified_gmt":"2026-08-30T17:00:30","slug":"14-aring-hamtade-passagerare-i-stulen-buss-igen","status":"publish","type":"post","link":"https:\/\/www.europesays.com\/se\/358214\/","title":{"rendered":"14-\u00e5ring h\u00e4mtade passagerare i stulen buss \u2013 igen"},"content":{"rendered":"<p>N\u00e4r en buss sv\u00e4ngde in p\u00e5 en h\u00e5llplats i Oslo m\u00f6ttes de p\u00e5stigande passagerarna av en 14-\u00e5ring i f\u00f6rars\u00e4tet, rapporterar NRK.<\/p>\n<p>Pojken hade hunnit upp p\u00e5 E18 n\u00e4r polisen hittade och stoppade honom.<\/p>\n<p>\u2013 Vi tar det faktum att en 14-\u00e5ring k\u00f6r buss i centrala Oslo p\u00e5 st\u00f6rsta allvar, s\u00e4ger insatschefen Alexander \u00d8sterhaug.<\/p>\n<p>Det \u00e4r fj\u00e4rde g\u00e5ngen samma pojke misst\u00e4nks ha stulit en buss. I november k\u00f6rde han runt i en stulen buss i tre timmar i Stavanger f\u00f6r att sedan l\u00e4mna tillbaka den. I april f\u00f6rra \u00e5ret k\u00f6rde han hela v\u00e4gen till Sverige under en busskupp och en dryg m\u00e5nad senare k\u00f6rde han en buss 30 mil fr\u00e5n Oslo till Kristiansand.<\/p>\n<p>Omni \u00e4r politiskt obundna och oberoende. Vi str\u00e4var efter att ge fler perspektiv p\u00e5 nyheterna. Har du fr\u00e5gor eller synpunkter kring v\u00e5r rapportering? <a href=\"https:\/\/omni.se\/14-aring-hamtade-passagerare-i-stulen-buss-igen\/a\/mailto:redaktion@omni.se\" class=\"ArticleActions-module-scss-module__w9u9BG__contactLink\" rel=\"nofollow noopener\" target=\"_blank\">Kontakta redaktionen<\/a><\/p>\n","protected":false},"excerpt":{"rendered":"N\u00e4r en buss sv\u00e4ngde in p\u00e5 en h\u00e5llplats i Oslo m\u00f6ttes de p\u00e5stigande passagerarna av en 14-\u00e5ring i&hellip;\n","protected":false},"author":2,"featured_media":358215,"comment_status":"","ping_status":"","sticky":false,"template":"","format":"standard","meta":{"footnotes":"","_share_on_mastodon":"0"},"categories":[5],"tags":[22,23,267,26,27,17,21,24,25,28,29,15,430,16,18,34,31,33,32,30,19,20],"class_list":["post-358214","post","type-post","status-publish","format-standard","has-post-thumbnail","category-rubriker","tag-breaking-news","tag-breakingnews","tag-europa","tag-featured-news","tag-featurednews","tag-headlines","tag-huvudnyheter","tag-latest-news","tag-latestnews","tag-main-news","tag-mainnews","tag-news","tag-norge","tag-nyheter","tag-rubriker","tag-se","tag-svenska","tag-sverige","tag-sweden","tag-swedish","tag-top-stories","tag-topstories"],"share_on_mastodon":{"url":"https:\/\/pubeurope.com\/@se\/117185532808784706","error":""},"_links":{"self":[{"href":"https:\/\/www.europesays.com\/se\/wp-json\/wp\/v2\/posts\/358214","targetHints":{"allow":["GET"]}}],"collection":[{"href":"https:\/\/www.europesays.com\/se\/wp-json\/wp\/v2\/posts"}],"about":[{"href":"https:\/\/www.europesays.com\/se\/wp-json\/wp\/v2\/types\/post"}],"author":[{"embeddable":true,"href":"https:\/\/www.europesays.com\/se\/wp-json\/wp\/v2\/users\/2"}],"replies":[{"embeddable":true,"href":"https:\/\/www.europesays.com\/se\/wp-json\/wp\/v2\/comments?post=358214"}],"version-history":[{"count":0,"href":"https:\/\/www.europesays.com\/se\/wp-json\/wp\/v2\/posts\/358214\/revisions"}],"wp:featuredmedia":[{"embeddable":true,"href":"https:\/\/www.europesays.com\/se\/wp-json\/wp\/v2\/media\/358215"}],"wp:attachment":[{"href":"https:\/\/www.europesays.com\/se\/wp-json\/wp\/v2\/media?parent=358214"}],"wp:term":[{"taxonomy":"category","embeddable":true,"href":"https:\/\/www.europesays.com\/se\/wp-json\/wp\/v2\/categories?post=358214"},{"taxonomy":"post_tag","embeddable":true,"href":"https:\/\/www.europesays.com\/se\/wp-json\/wp\/v2\/tags?post=358214"}],"curies":[{"name":"wp","href":"https:\/\/api.w.org\/{rel}","templated":true}]}}