{"id":358226,"date":"2026-08-30T17:17:17","date_gmt":"2026-08-30T17:17:17","guid":{"rendered":"https:\/\/www.europesays.com\/se\/358226\/"},"modified":"2026-08-30T17:17:17","modified_gmt":"2026-08-30T17:17:17","slug":"dubbla-lagtryck-drar-in-regn-dominerar","status":"publish","type":"post","link":"https:\/\/www.europesays.com\/se\/358226\/","title":{"rendered":"Dubbla l\u00e5gtryck drar in \u2013 \u201dregn dominerar\u201d"},"content":{"rendered":"<p>  <img alt=\"\" class=\"_image_1jxax_84 layout-component layout-wide\" data-fullscreen- data-track-element-type=\"Article image fullscreen\" data-track-name=\"ImageFullscreen\" fetchpriority=\"high\" decoding=\"sync\" loading=\"eager\" height=\"2376\" itemprop=\"image\"  src=\"https:\/\/www.europesays.com\/se\/wp-content\/uploads\/2026\/08\/11b06213-a179-3086-94a3-a88a0bb69ef4.jpeg\"  style=\"object-position:0% 0%\" width=\"3568\"\/><\/p>\n<p class=\"_textTheme_zldsx_1 _lead_16k26_2 _lead_3ue4t_18 layout-component layout-normal layout-padded _lead_o6m9k_5 _leadTheme_1q6sv_1 body-large bold\">Sommarv\u00e4dret drar sin sista suck i takt med att augusti lider mot sitt slut. Med september kommer dubbla l\u00e5gtryck \u2013 och en hel del regn. \u201dKan bli ganska stora m\u00e4ngder\u201d, s\u00e4ger SMHI:s meteorolog Catharina Wahlstr\u00f6m.<\/p>\n<p><a class=\"_link_1lr5y_108\" href=\"https:\/\/www.svd.se\/av\/maja-steen-danielsson\" title=\"Maja Steen Danielsson\" rel=\"nofollow noopener\" target=\"_blank\"><img alt=\"Bild av Maja Steen Danielsson\" class=\"_image_1lr5y_85\" fetchpriority=\"low\" decoding=\"async\" itemprop=\"image\" loading=\"lazy\"  src=\"https:\/\/www.europesays.com\/se\/wp-content\/uploads\/2026\/08\/1788110237_169_c74fbcee-f58f-3ad8-b874-816c0a0e9e8a.png\"  width=\"480\"\/><\/a>          <\/p>\n<p class=\"_textTheme_zldsx_1 _paragraph_16k26_4 _paragraph_3ue4t_27 layout-component layout-normal layout-padded body-medium\">F\u00f6r den som hade hoppats p\u00e5 en sista vecka med sommarv\u00e4der ser prognosen dyster ut. I b\u00f6rjan av veckan avl\u00f6ser l\u00e5gtrycken varandra och redan p\u00e5 s\u00f6ndagen drar skurarna in. <\/p>\n<p class=\"_textTheme_zldsx_1 _paragraph_16k26_4 _paragraph_3ue4t_27 layout-component layout-normal layout-padded body-medium\">\u2013 Vi har lite fronter med regn som passerar. P\u00e5 s\u00f6ndagen r\u00f6r sig ett regnomr\u00e5de in s\u00f6derifr\u00e5n och passerar G\u00f6taland under kv\u00e4llen, och senare p\u00e5 m\u00e5ndagen forts\u00e4tter det norrut, s\u00e4ger Catharina Wahlstr\u00f6m, meteorolog p\u00e5 SMHI.  <\/p>\n","protected":false},"excerpt":{"rendered":"Sommarv\u00e4dret drar sin sista suck i takt med att augusti lider mot sitt slut. Med september kommer dubbla&hellip;\n","protected":false},"author":2,"featured_media":358227,"comment_status":"","ping_status":"","sticky":false,"template":"","format":"standard","meta":{"footnotes":"","_share_on_mastodon":"0"},"categories":[5],"tags":[22,23,26,27,17,21,24,25,28,29,15,16,18,34,842,31,33,32,30,19,20,693],"class_list":["post-358226","post","type-post","status-publish","format-standard","has-post-thumbnail","category-rubriker","tag-breaking-news","tag-breakingnews","tag-featured-news","tag-featurednews","tag-headlines","tag-huvudnyheter","tag-latest-news","tag-latestnews","tag-main-news","tag-mainnews","tag-news","tag-nyheter","tag-rubriker","tag-se","tag-smhi","tag-svenska","tag-sverige","tag-sweden","tag-swedish","tag-top-stories","tag-topstories","tag-vader"],"share_on_mastodon":{"url":"https:\/\/pubeurope.com\/@se\/117185600043073369","error":""},"_links":{"self":[{"href":"https:\/\/www.europesays.com\/se\/wp-json\/wp\/v2\/posts\/358226","targetHints":{"allow":["GET"]}}],"collection":[{"href":"https:\/\/www.europesays.com\/se\/wp-json\/wp\/v2\/posts"}],"about":[{"href":"https:\/\/www.europesays.com\/se\/wp-json\/wp\/v2\/types\/post"}],"author":[{"embeddable":true,"href":"https:\/\/www.europesays.com\/se\/wp-json\/wp\/v2\/users\/2"}],"replies":[{"embeddable":true,"href":"https:\/\/www.europesays.com\/se\/wp-json\/wp\/v2\/comments?post=358226"}],"version-history":[{"count":0,"href":"https:\/\/www.europesays.com\/se\/wp-json\/wp\/v2\/posts\/358226\/revisions"}],"wp:featuredmedia":[{"embeddable":true,"href":"https:\/\/www.europesays.com\/se\/wp-json\/wp\/v2\/media\/358227"}],"wp:attachment":[{"href":"https:\/\/www.europesays.com\/se\/wp-json\/wp\/v2\/media?parent=358226"}],"wp:term":[{"taxonomy":"category","embeddable":true,"href":"https:\/\/www.europesays.com\/se\/wp-json\/wp\/v2\/categories?post=358226"},{"taxonomy":"post_tag","embeddable":true,"href":"https:\/\/www.europesays.com\/se\/wp-json\/wp\/v2\/tags?post=358226"}],"curies":[{"name":"wp","href":"https:\/\/api.w.org\/{rel}","templated":true}]}}