{"id":358244,"date":"2026-08-30T17:42:25","date_gmt":"2026-08-30T17:42:25","guid":{"rendered":"https:\/\/www.europesays.com\/se\/358244\/"},"modified":"2026-08-30T17:42:25","modified_gmt":"2026-08-30T17:42:25","slug":"tung-forlust-for-hammarby-i-derbyt-mot-aik","status":"publish","type":"post","link":"https:\/\/www.europesays.com\/se\/358244\/","title":{"rendered":"Tung f\u00f6rlust f\u00f6r Hammarby i derbyt mot AIK"},"content":{"rendered":"<p>  <a href=\"https:\/\/www.svd.se\/av\/anders-lindblad\" title=\"Anders Lindblad\" rel=\"nofollow noopener\" target=\"_blank\"><img decoding=\"async\" alt=\"Anders Lindblad\" class=\"_image_12vp2_69\" loading=\"lazy\"  src=\"https:\/\/www.europesays.com\/se\/wp-content\/uploads\/2026\/08\/1788111744_122_19f1808e-41ec-47e8-9c68-680315682dd4.png\"  width=\"40\"\/><\/a><img alt=\"\" class=\"_image_1jxax_84 layout-component layout-wide\" data-fullscreen- data-track-element-type=\"Article image fullscreen\" data-track-name=\"ImageFullscreen\" fetchpriority=\"high\" decoding=\"sync\" loading=\"eager\" height=\"3872\" itemprop=\"image\"  src=\"https:\/\/www.europesays.com\/se\/wp-content\/uploads\/2026\/08\/30e94941-dd9b-348f-8853-e0f73bf80e5a.jpeg\"  style=\"object-position:0% 0%\" width=\"5808\"\/><\/p>\n<p class=\"_textTheme_zldsx_1 _lead_16k26_2 _lead_3ue4t_18 layout-component layout-normal layout-padded _lead_o6m9k_5 _leadTheme_1q6sv_1 body-large bold\">AIK var utr\u00e4knat i derbyt mot Hammarby \u2013 men v\u00e4nde och vann efter dr\u00f6mm\u00e5l av Sixten Gustafsson. D\u00e4rmed missade Bajen chansen att s\u00e4tta ytterligare press p\u00e5 Sirius i toppen.\u00a0<\/p>\n<p class=\"_textTheme_zldsx_1 _paragraph_16k26_4 _paragraph_3ue4t_27 layout-component layout-normal\">Detta \u00e4r en kr\u00f6nika. Eventuella \u00e5sikter som uttrycks \u00e4r skribentens egna.<\/p>\n<p class=\"_textTheme_zldsx_1 _paragraph_16k26_4 _paragraph_3ue4t_27 layout-component layout-normal layout-padded body-medium\">Unga, hungriga AIK g\u00e5r aldrig att r\u00e4kna bort \u2013 framf\u00f6r allt inte i ett prestigeladdat Stockholmsderby. Ton\u00e5rsligan i Gnaget s\u00e4nkte Hammarby p\u00e5 ett fullsatt Strawberry arena inf\u00f6r s\u00e4songens h\u00f6gsta publiksiffra, drygt 47 300 \u00e5sk\u00e5dare.<\/p>\n<p class=\"_textTheme_zldsx_1 _paragraph_16k26_4 _paragraph_3ue4t_27 layout-component layout-normal layout-padded body-medium\">Sixten Gustafsson, 19 \u00e5r, avgjorde med ett dr\u00f6mm\u00e5l n\u00e4r AIK v\u00e4nde underl\u00e4ge 1\u20132 i paus till seger med 3\u20132 i en av s\u00e4songens allra mest minnesv\u00e4rda, h\u00e4ndelserika och publikfriande allsvenska matcher.\u00a0<\/p>\n","protected":false},"excerpt":{"rendered":"AIK var utr\u00e4knat i derbyt mot Hammarby \u2013 men v\u00e4nde och vann efter dr\u00f6mm\u00e5l av Sixten Gustafsson. D\u00e4rmed&hellip;\n","protected":false},"author":2,"featured_media":358245,"comment_status":"","ping_status":"","sticky":false,"template":"","format":"standard","meta":{"footnotes":"","_share_on_mastodon":"0"},"categories":[5],"tags":[3711,22,23,26,27,17,21,40824,24,25,28,29,15,16,4781,18,34,31,33,32,30,19,20],"class_list":["post-358244","post","type-post","status-publish","format-standard","has-post-thumbnail","category-rubriker","tag-aik","tag-breaking-news","tag-breakingnews","tag-featured-news","tag-featurednews","tag-headlines","tag-huvudnyheter","tag-kristoffer-nordfeldt","tag-latest-news","tag-latestnews","tag-main-news","tag-mainnews","tag-news","tag-nyheter","tag-paulos-abraham","tag-rubriker","tag-se","tag-svenska","tag-sverige","tag-sweden","tag-swedish","tag-top-stories","tag-topstories"],"share_on_mastodon":{"url":"https:\/\/pubeurope.com\/@se\/117185698248233199","error":""},"_links":{"self":[{"href":"https:\/\/www.europesays.com\/se\/wp-json\/wp\/v2\/posts\/358244","targetHints":{"allow":["GET"]}}],"collection":[{"href":"https:\/\/www.europesays.com\/se\/wp-json\/wp\/v2\/posts"}],"about":[{"href":"https:\/\/www.europesays.com\/se\/wp-json\/wp\/v2\/types\/post"}],"author":[{"embeddable":true,"href":"https:\/\/www.europesays.com\/se\/wp-json\/wp\/v2\/users\/2"}],"replies":[{"embeddable":true,"href":"https:\/\/www.europesays.com\/se\/wp-json\/wp\/v2\/comments?post=358244"}],"version-history":[{"count":0,"href":"https:\/\/www.europesays.com\/se\/wp-json\/wp\/v2\/posts\/358244\/revisions"}],"wp:featuredmedia":[{"embeddable":true,"href":"https:\/\/www.europesays.com\/se\/wp-json\/wp\/v2\/media\/358245"}],"wp:attachment":[{"href":"https:\/\/www.europesays.com\/se\/wp-json\/wp\/v2\/media?parent=358244"}],"wp:term":[{"taxonomy":"category","embeddable":true,"href":"https:\/\/www.europesays.com\/se\/wp-json\/wp\/v2\/categories?post=358244"},{"taxonomy":"post_tag","embeddable":true,"href":"https:\/\/www.europesays.com\/se\/wp-json\/wp\/v2\/tags?post=358244"}],"curies":[{"name":"wp","href":"https:\/\/api.w.org\/{rel}","templated":true}]}}