{"id":358272,"date":"2026-08-30T18:12:44","date_gmt":"2026-08-30T18:12:44","guid":{"rendered":"https:\/\/www.europesays.com\/se\/358272\/"},"modified":"2026-08-30T18:12:44","modified_gmt":"2026-08-30T18:12:44","slug":"ben-gvir-stolt-over-daliga-forhallanden-i-fangelserna","status":"publish","type":"post","link":"https:\/\/www.europesays.com\/se\/358272\/","title":{"rendered":"Ben-Gvir: Stolt \u00f6ver d\u00e5liga f\u00f6rh\u00e5llanden i f\u00e4ngelserna"},"content":{"rendered":"<p>Den israeliske s\u00e4kerhetsministern Itamar Ben-Gvir \u00e4r stolt \u00f6ver de f\u00f6rs\u00e4mrade villkoren f\u00f6r palestinska f\u00e5ngar. Det s\u00e4ger han i en video som publicerades i sociala medier p\u00e5 s\u00f6ndagen, skriver AFP. <\/p>\n<p>I videon bes\u00f6ker ultrakonservative Ben-Gvir ett f\u00e4ngelse med kvinnliga f\u00e5ngar, d\u00e4r en kvinna ber\u00e4ttar att f\u00e5ngarna lever under \u201dextremt d\u00e5liga\u201d f\u00f6rh\u00e5llanden och inte har tv\u00e4ttat sig eller bytt underkl\u00e4der p\u00e5 tre dagar.<\/p>\n<p>Ben-Gvir p\u00e5pekar att gisslan som Hamas tog efter terrord\u00e5det 7 oktober 2023 levde under liknande f\u00f6rh\u00e5llanden. <\/p>\n<p>\u2013 Jag \u00e4r stolt \u00f6ver att vi har lyckats s\u00e4nka terroristernas f\u00e4ngelsef\u00f6rh\u00e5llanden till ett absolut minimum, s\u00e4ger han.<\/p>\n<p>Omni \u00e4r politiskt obundna och oberoende. Vi str\u00e4var efter att ge fler perspektiv p\u00e5 nyheterna. Har du fr\u00e5gor eller synpunkter kring v\u00e5r rapportering? <a href=\"https:\/\/omni.se\/ben-gvir-stolt-over-daliga-forhallanden-i-fangelserna\/a\/mailto:redaktion@omni.se\" class=\"ArticleActions-module-scss-module__w9u9BG__contactLink\" rel=\"nofollow noopener\" target=\"_blank\">Kontakta redaktionen<\/a><\/p>\n","protected":false},"excerpt":{"rendered":"Den israeliske s\u00e4kerhetsministern Itamar Ben-Gvir \u00e4r stolt \u00f6ver de f\u00f6rs\u00e4mrade villkoren f\u00f6r palestinska f\u00e5ngar. Det s\u00e4ger han i&hellip;\n","protected":false},"author":2,"featured_media":358273,"comment_status":"","ping_status":"","sticky":false,"template":"","format":"standard","meta":{"footnotes":"","_share_on_mastodon":"0"},"categories":[14],"tags":[22,23,26,27,121,122,17,21,342,1628,24,25,28,29,124,125,15,16,123,18,34,31,33,32,30,19,20,51,52,53,54],"class_list":["post-358272","post","type-post","status-publish","format-standard","has-post-thumbnail","category-varlden","tag-breaking-news","tag-breakingnews","tag-featured-news","tag-featurednews","tag-gaza","tag-hamas","tag-headlines","tag-huvudnyheter","tag-israel","tag-itamar-ben-gvir","tag-latest-news","tag-latestnews","tag-main-news","tag-mainnews","tag-mellanostern","tag-mellanosternkrisen","tag-news","tag-nyheter","tag-palestina","tag-rubriker","tag-se","tag-svenska","tag-sverige","tag-sweden","tag-swedish","tag-top-stories","tag-topstories","tag-varlden","tag-world","tag-world-news","tag-worldnews"],"share_on_mastodon":{"url":"https:\/\/pubeurope.com\/@se\/117185816020897024","error":""},"_links":{"self":[{"href":"https:\/\/www.europesays.com\/se\/wp-json\/wp\/v2\/posts\/358272","targetHints":{"allow":["GET"]}}],"collection":[{"href":"https:\/\/www.europesays.com\/se\/wp-json\/wp\/v2\/posts"}],"about":[{"href":"https:\/\/www.europesays.com\/se\/wp-json\/wp\/v2\/types\/post"}],"author":[{"embeddable":true,"href":"https:\/\/www.europesays.com\/se\/wp-json\/wp\/v2\/users\/2"}],"replies":[{"embeddable":true,"href":"https:\/\/www.europesays.com\/se\/wp-json\/wp\/v2\/comments?post=358272"}],"version-history":[{"count":0,"href":"https:\/\/www.europesays.com\/se\/wp-json\/wp\/v2\/posts\/358272\/revisions"}],"wp:featuredmedia":[{"embeddable":true,"href":"https:\/\/www.europesays.com\/se\/wp-json\/wp\/v2\/media\/358273"}],"wp:attachment":[{"href":"https:\/\/www.europesays.com\/se\/wp-json\/wp\/v2\/media?parent=358272"}],"wp:term":[{"taxonomy":"category","embeddable":true,"href":"https:\/\/www.europesays.com\/se\/wp-json\/wp\/v2\/categories?post=358272"},{"taxonomy":"post_tag","embeddable":true,"href":"https:\/\/www.europesays.com\/se\/wp-json\/wp\/v2\/tags?post=358272"}],"curies":[{"name":"wp","href":"https:\/\/api.w.org\/{rel}","templated":true}]}}