{"id":358276,"date":"2026-08-30T18:14:16","date_gmt":"2026-08-30T18:14:16","guid":{"rendered":"https:\/\/www.europesays.com\/se\/358276\/"},"modified":"2026-08-30T18:14:16","modified_gmt":"2026-08-30T18:14:16","slug":"ryssland-planerar-enorma-energianfall-mot-ukraina","status":"publish","type":"post","link":"https:\/\/www.europesays.com\/se\/358276\/","title":{"rendered":"Ryssland: Planerar enorma energianfall mot Ukraina"},"content":{"rendered":"<p>Rysslands f\u00f6rsvarsdepartement har b\u00f6rjat f\u00f6rbereda massiva attacker mot Ukrainas energiinfrastruktur, skriver de p\u00e5 Telegram enligt oberoende Meduza.<\/p>\n<p>Enligt ryssarna \u00e4r det ett svar p\u00e5 \u201dKyivregimens p\u00e5g\u00e5ende attacker mot Rysslands civila infrastruktur och br\u00e4nsle- och energianl\u00e4ggningar\u201d.<\/p>\n<p>Ukraina har de senaste m\u00e5naderna pressat den ryska br\u00e4nslesektorn h\u00e5rt med attacker mot oljeraffinaderier.<\/p>\n<p>Samtidigt forts\u00e4tter Ryssland med allt d\u00f6dligare ballistiska robotattacker mot civila m\u00e5l i Ukraina, som har brist p\u00e5 luftv\u00e4rnsrobotar att f\u00f6rsvara sig med.<\/p>\n<p>Bristen p\u00e5 luftf\u00f6rsvar har f\u00e5tt ukrainska politiker och milit\u00e4rtoppar att varna f\u00f6r en mycket sv\u00e5r vinter.<\/p>\n<p>Omni \u00e4r politiskt obundna och oberoende. Vi str\u00e4var efter att ge fler perspektiv p\u00e5 nyheterna. Har du fr\u00e5gor eller synpunkter kring v\u00e5r rapportering? <a href=\"https:\/\/omni.se\/ryssland-planerar-enorma-energianfall-mot-ukraina\/a\/mailto:redaktion@omni.se\" class=\"ArticleActions-module-scss-module__w9u9BG__contactLink\" rel=\"nofollow noopener\" target=\"_blank\">Kontakta redaktionen<\/a><\/p>\n","protected":false},"excerpt":{"rendered":"Rysslands f\u00f6rsvarsdepartement har b\u00f6rjat f\u00f6rbereda massiva attacker mot Ukrainas energiinfrastruktur, skriver de p\u00e5 Telegram enligt oberoende Meduza. Enligt&hellip;\n","protected":false},"author":2,"featured_media":358277,"comment_status":"","ping_status":"","sticky":false,"template":"","format":"standard","meta":{"footnotes":"","_share_on_mastodon":"0"},"categories":[5],"tags":[22,23,267,26,27,17,21,24,25,28,29,15,16,18,269,264,34,31,33,32,30,19,20,263],"class_list":["post-358276","post","type-post","status-publish","format-standard","has-post-thumbnail","category-rubriker","tag-breaking-news","tag-breakingnews","tag-europa","tag-featured-news","tag-featurednews","tag-headlines","tag-huvudnyheter","tag-latest-news","tag-latestnews","tag-main-news","tag-mainnews","tag-news","tag-nyheter","tag-rubriker","tag-ryska-invasionen","tag-ryssland","tag-se","tag-svenska","tag-sverige","tag-sweden","tag-swedish","tag-top-stories","tag-topstories","tag-ukraina"],"share_on_mastodon":{"url":"https:\/\/pubeurope.com\/@se\/117185823740291202","error":""},"_links":{"self":[{"href":"https:\/\/www.europesays.com\/se\/wp-json\/wp\/v2\/posts\/358276","targetHints":{"allow":["GET"]}}],"collection":[{"href":"https:\/\/www.europesays.com\/se\/wp-json\/wp\/v2\/posts"}],"about":[{"href":"https:\/\/www.europesays.com\/se\/wp-json\/wp\/v2\/types\/post"}],"author":[{"embeddable":true,"href":"https:\/\/www.europesays.com\/se\/wp-json\/wp\/v2\/users\/2"}],"replies":[{"embeddable":true,"href":"https:\/\/www.europesays.com\/se\/wp-json\/wp\/v2\/comments?post=358276"}],"version-history":[{"count":0,"href":"https:\/\/www.europesays.com\/se\/wp-json\/wp\/v2\/posts\/358276\/revisions"}],"wp:featuredmedia":[{"embeddable":true,"href":"https:\/\/www.europesays.com\/se\/wp-json\/wp\/v2\/media\/358277"}],"wp:attachment":[{"href":"https:\/\/www.europesays.com\/se\/wp-json\/wp\/v2\/media?parent=358276"}],"wp:term":[{"taxonomy":"category","embeddable":true,"href":"https:\/\/www.europesays.com\/se\/wp-json\/wp\/v2\/categories?post=358276"},{"taxonomy":"post_tag","embeddable":true,"href":"https:\/\/www.europesays.com\/se\/wp-json\/wp\/v2\/tags?post=358276"}],"curies":[{"name":"wp","href":"https:\/\/api.w.org\/{rel}","templated":true}]}}