{"id":358288,"date":"2026-08-30T18:32:20","date_gmt":"2026-08-30T18:32:20","guid":{"rendered":"https:\/\/www.europesays.com\/se\/358288\/"},"modified":"2026-08-30T18:32:20","modified_gmt":"2026-08-30T18:32:20","slug":"palestinsk-advokat-tvingades-fly-gaza-varnar-for-att-det-inte-blir-fred-sa-lange-hamas-finns-kvar","status":"publish","type":"post","link":"https:\/\/www.europesays.com\/se\/358288\/","title":{"rendered":"Palestinsk advokat tvingades fly Gaza \u2013\u00a0varnar f\u00f6r att det inte blir fred s\u00e5 l\u00e4nge Hamas finns kvar."},"content":{"rendered":"<p>  <img alt=\"\" class=\"_image_1jxax_84 layout-component layout-wide\" data-fullscreen- data-track-element-type=\"Article image fullscreen\" data-track-name=\"ImageFullscreen\" fetchpriority=\"high\" decoding=\"sync\" loading=\"eager\" height=\"810\" itemprop=\"image\"  src=\"https:\/\/www.europesays.com\/se\/wp-content\/uploads\/2026\/08\/d45e0ecc-15c3-3673-b357-dbe9bde26130.jpeg\"  style=\"object-position:54.4755877034358% 50.617283950617285%\" width=\"1106\"\/><\/p>\n<p class=\"_textTheme_zldsx_1 _lead_16k26_2 _lead_3ue4t_18 layout-component layout-normal layout-padded _lead_o6m9k_5 _leadTheme_1q6sv_1 body-large bold\">Han f\u00e4ngslades och torterades i Gaza. Till slut flydde palestiniern f\u00f6r sitt liv. Nu har han ett budskap: \u201dHamas \u00e4r inte en motst\u00e5ndsr\u00f6relse \u2013 det \u00e4r en kriminell organisation som IS eller al-Qaida.\u201d<\/p>\n<p><a class=\"_link_1lr5y_108\" href=\"https:\/\/www.svd.se\/av\/jesper-sunden\" title=\"Jesper Sund\u00e9n\" rel=\"nofollow noopener\" target=\"_blank\"><img alt=\"Bild av Jesper Sund\u00e9n\" class=\"_image_1lr5y_85\" fetchpriority=\"low\" decoding=\"async\" itemprop=\"image\" loading=\"lazy\"  src=\"https:\/\/www.europesays.com\/se\/wp-content\/uploads\/2026\/08\/1788114740_921_d334846b-185d-407a-ac8e-5e3af3f33238.png\"  width=\"480\"\/><\/a>          <\/p>\n<p class=\"_textTheme_zldsx_1 _paragraph_16k26_4 _paragraph_3ue4t_27 layout-component layout-normal layout-padded body-medium\">En FN-rapport fr\u00e5n i somras identifierade 249 fall av utomr\u00e4ttsliga avr\u00e4ttningar och grovt fysiskt v\u00e5ld i Gaza mellan augusti 2024 och b\u00f6rjan av 2026, varav minst 60 involverade Hamas. 31-\u00e5rige juristen och m\u00e4nniskor\u00e4ttsk\u00e4mpen Moumen al-Natour hade kunnat vara ett av fallen. Han har st\u00f6ttat journalister som kritiserat Hamas och talat emot kriget. Det uppskattades inte av Hamas.<\/p>\n<p class=\"_textTheme_zldsx_1 _paragraph_16k26_4 _paragraph_3ue4t_27 layout-component layout-normal layout-padded body-medium\">Den sista tiden i Gaza var han tvungen att g\u00f6mma sig sedan bev\u00e4pnade m\u00e4n attackerat hans hus och f\u00f6rs\u00f6kt att gripa och d\u00f6da honom. Fem g\u00e5nger f\u00f6rs\u00f6kte han f\u00f6rg\u00e4ves ta sig genom Kerem Shalom-\u00f6verg\u00e5ngen vid gr\u00e4nsen mellan Gaza, Israel och Egypten.<\/p>\n","protected":false},"excerpt":{"rendered":"Han f\u00e4ngslades och torterades i Gaza. Till slut flydde palestiniern f\u00f6r sitt liv. Nu har han ett budskap:&hellip;\n","protected":false},"author":2,"featured_media":358289,"comment_status":"","ping_status":"","sticky":false,"template":"","format":"standard","meta":{"footnotes":"","_share_on_mastodon":"0"},"categories":[5],"tags":[22,23,26,27,121,122,17,21,24,25,28,29,15,16,18,34,22712,31,33,32,30,19,20],"class_list":["post-358288","post","type-post","status-publish","format-standard","has-post-thumbnail","category-rubriker","tag-breaking-news","tag-breakingnews","tag-featured-news","tag-featurednews","tag-gaza","tag-hamas","tag-headlines","tag-huvudnyheter","tag-latest-news","tag-latestnews","tag-main-news","tag-mainnews","tag-news","tag-nyheter","tag-rubriker","tag-se","tag-svd-fokus-utrikes","tag-svenska","tag-sverige","tag-sweden","tag-swedish","tag-top-stories","tag-topstories"],"share_on_mastodon":{"url":"https:\/\/pubeurope.com\/@se\/117185895135973964","error":""},"_links":{"self":[{"href":"https:\/\/www.europesays.com\/se\/wp-json\/wp\/v2\/posts\/358288","targetHints":{"allow":["GET"]}}],"collection":[{"href":"https:\/\/www.europesays.com\/se\/wp-json\/wp\/v2\/posts"}],"about":[{"href":"https:\/\/www.europesays.com\/se\/wp-json\/wp\/v2\/types\/post"}],"author":[{"embeddable":true,"href":"https:\/\/www.europesays.com\/se\/wp-json\/wp\/v2\/users\/2"}],"replies":[{"embeddable":true,"href":"https:\/\/www.europesays.com\/se\/wp-json\/wp\/v2\/comments?post=358288"}],"version-history":[{"count":0,"href":"https:\/\/www.europesays.com\/se\/wp-json\/wp\/v2\/posts\/358288\/revisions"}],"wp:featuredmedia":[{"embeddable":true,"href":"https:\/\/www.europesays.com\/se\/wp-json\/wp\/v2\/media\/358289"}],"wp:attachment":[{"href":"https:\/\/www.europesays.com\/se\/wp-json\/wp\/v2\/media?parent=358288"}],"wp:term":[{"taxonomy":"category","embeddable":true,"href":"https:\/\/www.europesays.com\/se\/wp-json\/wp\/v2\/categories?post=358288"},{"taxonomy":"post_tag","embeddable":true,"href":"https:\/\/www.europesays.com\/se\/wp-json\/wp\/v2\/tags?post=358288"}],"curies":[{"name":"wp","href":"https:\/\/api.w.org\/{rel}","templated":true}]}}