{"id":358306,"date":"2026-08-30T18:53:34","date_gmt":"2026-08-30T18:53:34","guid":{"rendered":"https:\/\/www.europesays.com\/se\/358306\/"},"modified":"2026-08-30T18:53:34","modified_gmt":"2026-08-30T18:53:34","slug":"storklubbarna-jagar-isak-bjerkebo-kan-lamna-sirius","status":"publish","type":"post","link":"https:\/\/www.europesays.com\/se\/358306\/","title":{"rendered":"Storklubbarna jagar Isak Bjerkebo &#8211; kan l\u00e4mna Sirius"},"content":{"rendered":"<p>Den store transfergurun <a target=\"_blank\" href=\"https:\/\/x.com\/FabrizioRomano\/status\/2094100442410004550\" rel=\"nofollow\">Fabrizio Romano <\/a>n\u00e4mner Allsvenskan. Det \u00e4r absolut inte varje dag han g\u00f6r det. IK Sirius-succ\u00e9man Isak Bjerkebo finns b\u00e5de p\u00e5 Sevillas och PSV Eindhovens listor inf\u00f6r de sista dagarna av transferf\u00f6nstret. Kontakt har \u00e4gt rum och han kan l\u00e4mna serieledarna inom kort. <\/p>\n<p>Det blir en sp\u00e4nnande h\u00e4ndelseutveckling att f\u00f6lja. Han \u00e4r s\u00e5 pass bra att han skulle kunna g\u00e5 in och g\u00f6ra det bra i ett st\u00f6rre lag direkt &#8211; men vill han l\u00e4mna nu n\u00e4r de jagar guld? En sv\u00e5r avv\u00e4gning. <\/p>\n<p>Tidigare har FC K\u00f6penhamn, Parma, ACF Fiorentina och Lazio haft intresse f\u00f6r 23-\u00e5ringen som har ocks\u00e5 har varit i H\u00e4ssleholms IF, Malm\u00f6 FF, Kalmar FF, Sk\u00f6vde AIK och Varbergs BoIS. I \u00e5r har han dunkat in 13 m\u00e5l och sju assist p\u00e5 18 matcher. <\/p>\n<p>Tidigare i dag v\u00e4rvade IK Sirius in Zal\u00e1n Vancsa fr\u00e5n Lommel SK. <\/p>\n<p><img decoding=\"async\" src=\"https:\/\/www.europesays.com\/se\/wp-content\/uploads\/2026\/08\/C9konv4G7EPvAG1SlpSpz4QyIGoiCvvae7phaSD0.png\"\/><\/p>\n<p>Vart ska Isak Bjerkebo g\u00e5? <\/p>\n<p>Kommentera nedan! <\/p>\n","protected":false},"excerpt":{"rendered":"Den store transfergurun Fabrizio Romano n\u00e4mner Allsvenskan. Det \u00e4r absolut inte varje dag han g\u00f6r det. IK Sirius-succ\u00e9man&hellip;\n","protected":false},"author":2,"featured_media":358307,"comment_status":"","ping_status":"","sticky":false,"template":"","format":"standard","meta":{"footnotes":"","_share_on_mastodon":"0"},"categories":[68],"tags":[40830,159,40828,6169,558,40832,40145,40827,18535,1666,40831,557,40829,10383,34,160,36279,40116,111,110,2222,40833,31,33,32,30,33983],"class_list":["post-358306","post","type-post","status-publish","format-standard","has-post-thumbnail","category-sport","tag-acf-fiorentina","tag-allsvenskan","tag-eredivisie","tag-fabrizio-romano","tag-fc-kopenhamn","tag-hassleholms-if","tag-ik-sirius","tag-isak-bjerkebo","tag-kalmar-ff","tag-la-liga","tag-lazio","tag-malmo-ff","tag-parma","tag-psv-eindhoven","tag-se","tag-serie-a","tag-sevilla","tag-skovde-aik","tag-sport","tag-sports","tag-superettan","tag-superligan","tag-svenska","tag-sverige","tag-sweden","tag-swedish","tag-varbergs-bois"],"share_on_mastodon":{"url":"https:\/\/pubeurope.com\/@se\/117185977695857203","error":""},"_links":{"self":[{"href":"https:\/\/www.europesays.com\/se\/wp-json\/wp\/v2\/posts\/358306","targetHints":{"allow":["GET"]}}],"collection":[{"href":"https:\/\/www.europesays.com\/se\/wp-json\/wp\/v2\/posts"}],"about":[{"href":"https:\/\/www.europesays.com\/se\/wp-json\/wp\/v2\/types\/post"}],"author":[{"embeddable":true,"href":"https:\/\/www.europesays.com\/se\/wp-json\/wp\/v2\/users\/2"}],"replies":[{"embeddable":true,"href":"https:\/\/www.europesays.com\/se\/wp-json\/wp\/v2\/comments?post=358306"}],"version-history":[{"count":0,"href":"https:\/\/www.europesays.com\/se\/wp-json\/wp\/v2\/posts\/358306\/revisions"}],"wp:featuredmedia":[{"embeddable":true,"href":"https:\/\/www.europesays.com\/se\/wp-json\/wp\/v2\/media\/358307"}],"wp:attachment":[{"href":"https:\/\/www.europesays.com\/se\/wp-json\/wp\/v2\/media?parent=358306"}],"wp:term":[{"taxonomy":"category","embeddable":true,"href":"https:\/\/www.europesays.com\/se\/wp-json\/wp\/v2\/categories?post=358306"},{"taxonomy":"post_tag","embeddable":true,"href":"https:\/\/www.europesays.com\/se\/wp-json\/wp\/v2\/tags?post=358306"}],"curies":[{"name":"wp","href":"https:\/\/api.w.org\/{rel}","templated":true}]}}