{"id":358348,"date":"2026-08-30T19:37:17","date_gmt":"2026-08-30T19:37:17","guid":{"rendered":"https:\/\/www.europesays.com\/se\/358348\/"},"modified":"2026-08-30T19:37:17","modified_gmt":"2026-08-30T19:37:17","slug":"kristersson-aldrig-begripit-forskoleavgift","status":"publish","type":"post","link":"https:\/\/www.europesays.com\/se\/358348\/","title":{"rendered":"Kristersson: Aldrig begripit f\u00f6rskoleavgift"},"content":{"rendered":"<p>  <img alt=\"Moderaternas partiledare och statsminister Ulf Kristersson (M).\" class=\"_image_1jxax_84 layout-component layout-wide\" data-fullscreen- data-track-element-type=\"Article image fullscreen\" data-track-name=\"ImageFullscreen\" fetchpriority=\"high\" decoding=\"sync\" loading=\"eager\" height=\"4688\" itemprop=\"image\"  src=\"https:\/\/www.europesays.com\/se\/wp-content\/uploads\/2026\/08\/46dc4ce9-76c1-37c9-bbd1-38f3611853ed.jpeg\"  style=\"object-position:0% 0%\" width=\"7040\"\/>Moderaternas partiledare och statsminister Ulf Kristersson (M).  Foto: Anders Wiklund\/TTVisa mer<\/p>\n<p class=\"_textTheme_zldsx_1 _lead_16k26_2 _lead_3ue4t_18 layout-component layout-normal layout-padded _lead_o6m9k_5 _leadTheme_1q6sv_1 body-large bold\">Moderatledaren, statsminister Ulf Kristersson, s\u00e4ger nu att \u201dhan aldrig begripit\u201d varf\u00f6r f\u00f6r\u00e4ldrar m\u00e5ste betala avgift f\u00f6r att ha sina barn i f\u00f6rskolan.<\/p>\n<p class=\"_textTheme_zldsx_1 _lead_16k26_2 _lead_3ue4t_18 layout-component layout-normal layout-padded _lead_o6m9k_5 _leadTheme_1q6sv_1 body-large bold\">\u2013 I praktiken \u00e4r det en extra skatt p\u00e5 arbete, s\u00e4ger Kristersson i SVT:s Utfr\u00e5gningen.<\/p>\n<p class=\"_textTheme_zldsx_1 _paragraph_16k26_4 _paragraph_3ue4t_27 layout-component layout-normal layout-padded body-medium\">Moderaterna kom f\u00f6r mindre \u00e4n en vecka sedan med vall\u00f6ftet att f\u00f6rskolan och fritids ska g\u00f6ras avgiftsfri. Nu f\u00e5r f\u00f6r\u00e4ldrarna betala avgift, upp till en viss gr\u00e4ns. Enligt M kostar det cirka tio miljarder att l\u00e5ta f\u00f6r\u00e4ldrar slippa avgift.<\/p>\n<p class=\"_textTheme_zldsx_1 _paragraph_16k26_4 _paragraph_3ue4t_27 layout-component layout-normal layout-padded body-medium\">Enligt moderatledaren finns det numera ingen rim och reson i att det ska kosta att s\u00e4tta barnen i f\u00f6rskolan, eftersom det \u00e4r en s\u00e5 viktig del av ett barns skolg\u00e5ng.<\/p>\n<p class=\"_textTheme_zldsx_1 _paragraph_16k26_4 _paragraph_3ue4t_27 layout-component layout-normal layout-padded body-medium\">\u2013 F\u00f6rskolan ska ses som en viktig, integrerad del av svensk skola. Jag har aldrig begripit varf\u00f6r vi har avgifter p\u00e5 en s\u00e5 viktig del av skolan, som ser till att sm\u00e5 barn f\u00e5r en snabbare g\u00e5ng in i grundskolan, att sm\u00e5 barn som inte pratar svenska hemma f\u00e5r b\u00e4ttre svenskm\u00f6jligheter som g\u00f6r att de klarar skolan b\u00e4ttre, s\u00e4ger Kristersson och till\u00e4gger:<\/p>\n<p class=\"_textTheme_zldsx_1 _paragraph_16k26_4 _paragraph_3ue4t_27 layout-component layout-normal layout-padded body-medium\">\u2013 Vi har l\u00e4nge tyckt att det h\u00e4r (l\u00e4s:avgifterna) ska tas bort.<\/p>\n","protected":false},"excerpt":{"rendered":"Moderaternas partiledare och statsminister Ulf Kristersson (M). Foto: Anders Wiklund\/TTVisa mer Moderatledaren, statsminister Ulf Kristersson, s\u00e4ger nu att&hellip;\n","protected":false},"author":2,"featured_media":358349,"comment_status":"","ping_status":"","sticky":false,"template":"","format":"standard","meta":{"footnotes":"","_share_on_mastodon":"0"},"categories":[5],"tags":[22,23,26,27,17,21,24,25,28,29,551,15,16,18,34,31,33,32,30,19,20],"class_list":["post-358348","post","type-post","status-publish","format-standard","has-post-thumbnail","category-rubriker","tag-breaking-news","tag-breakingnews","tag-featured-news","tag-featurednews","tag-headlines","tag-huvudnyheter","tag-latest-news","tag-latestnews","tag-main-news","tag-mainnews","tag-moderaterna","tag-news","tag-nyheter","tag-rubriker","tag-se","tag-svenska","tag-sverige","tag-sweden","tag-swedish","tag-top-stories","tag-topstories"],"share_on_mastodon":{"url":"https:\/\/pubeurope.com\/@se\/117186150654211756","error":""},"_links":{"self":[{"href":"https:\/\/www.europesays.com\/se\/wp-json\/wp\/v2\/posts\/358348","targetHints":{"allow":["GET"]}}],"collection":[{"href":"https:\/\/www.europesays.com\/se\/wp-json\/wp\/v2\/posts"}],"about":[{"href":"https:\/\/www.europesays.com\/se\/wp-json\/wp\/v2\/types\/post"}],"author":[{"embeddable":true,"href":"https:\/\/www.europesays.com\/se\/wp-json\/wp\/v2\/users\/2"}],"replies":[{"embeddable":true,"href":"https:\/\/www.europesays.com\/se\/wp-json\/wp\/v2\/comments?post=358348"}],"version-history":[{"count":0,"href":"https:\/\/www.europesays.com\/se\/wp-json\/wp\/v2\/posts\/358348\/revisions"}],"wp:featuredmedia":[{"embeddable":true,"href":"https:\/\/www.europesays.com\/se\/wp-json\/wp\/v2\/media\/358349"}],"wp:attachment":[{"href":"https:\/\/www.europesays.com\/se\/wp-json\/wp\/v2\/media?parent=358348"}],"wp:term":[{"taxonomy":"category","embeddable":true,"href":"https:\/\/www.europesays.com\/se\/wp-json\/wp\/v2\/categories?post=358348"},{"taxonomy":"post_tag","embeddable":true,"href":"https:\/\/www.europesays.com\/se\/wp-json\/wp\/v2\/tags?post=358348"}],"curies":[{"name":"wp","href":"https:\/\/api.w.org\/{rel}","templated":true}]}}