{"id":358356,"date":"2026-08-30T19:45:29","date_gmt":"2026-08-30T19:45:29","guid":{"rendered":"https:\/\/www.europesays.com\/se\/358356\/"},"modified":"2026-08-30T19:45:29","modified_gmt":"2026-08-30T19:45:29","slug":"google-doper-om-sjon-enligt-trumps-direktiv","status":"publish","type":"post","link":"https:\/\/www.europesays.com\/se\/358356\/","title":{"rendered":"Google d\u00f6per om sj\u00f6n enligt Trumps direktiv"},"content":{"rendered":"<p>Google Maps har \u00e4ndrat namnet p\u00e5 Ontariosj\u00f6n till Amerikasj\u00f6n (Lake America) f\u00f6r amerikanska anv\u00e4ndare, skriver AFP.<\/p>\n<p>Enligt techj\u00e4tten beror det p\u00e5 att de utg\u00e5r fr\u00e5n GNIS, den officiella federala databasen f\u00f6r geografiska platsnamn.<\/p>\n<p>\u201dVi uppdaterar Google Maps utifr\u00e5n officiella regeringsk\u00e4llor, vilket \u00e4r GNIS i USA. Amerikanska anv\u00e4ndare kommer att se Amerikasj\u00f6n, kanadensiska anv\u00e4ndare ser Ontariosj\u00f6n och de utanf\u00f6r l\u00e4nderna ser b\u00e5da namn\u201d, skriver Google p\u00e5 sin blogg.<\/p>\n<p>I Apples kartapp anv\u00e4nds fortfarande namnet Ontariosj\u00f6n.<\/p>\n<p>Omni \u00e4r politiskt obundna och oberoende. Vi str\u00e4var efter att ge fler perspektiv p\u00e5 nyheterna. Har du fr\u00e5gor eller synpunkter kring v\u00e5r rapportering? <a href=\"https:\/\/omni.se\/google-doper-om-sjon-enligt-trumps-direktiv\/a\/mailto:redaktion@omni.se\" class=\"ArticleActions-module-scss-module__w9u9BG__contactLink\" rel=\"nofollow noopener\" target=\"_blank\">Kontakta redaktionen<\/a><\/p>\n","protected":false},"excerpt":{"rendered":"Google Maps har \u00e4ndrat namnet p\u00e5 Ontariosj\u00f6n till Amerikasj\u00f6n (Lake America) f\u00f6r amerikanska anv\u00e4ndare, skriver AFP. Enligt techj\u00e4tten&hellip;\n","protected":false},"author":2,"featured_media":358357,"comment_status":"","ping_status":"","sticky":false,"template":"","format":"standard","meta":{"footnotes":"","_share_on_mastodon":"0"},"categories":[5],"tags":[22,23,26,27,670,17,21,1091,24,25,28,29,15,268,16,18,34,31,33,32,30,19,20,77,74],"class_list":["post-358356","post","type-post","status-publish","format-standard","has-post-thumbnail","category-rubriker","tag-breaking-news","tag-breakingnews","tag-featured-news","tag-featurednews","tag-google","tag-headlines","tag-huvudnyheter","tag-kanada","tag-latest-news","tag-latestnews","tag-main-news","tag-mainnews","tag-news","tag-nordamerika","tag-nyheter","tag-rubriker","tag-se","tag-svenska","tag-sverige","tag-sweden","tag-swedish","tag-top-stories","tag-topstories","tag-tullkrisen","tag-usa"],"share_on_mastodon":{"url":"https:\/\/pubeurope.com\/@se\/117186181542071688","error":""},"_links":{"self":[{"href":"https:\/\/www.europesays.com\/se\/wp-json\/wp\/v2\/posts\/358356","targetHints":{"allow":["GET"]}}],"collection":[{"href":"https:\/\/www.europesays.com\/se\/wp-json\/wp\/v2\/posts"}],"about":[{"href":"https:\/\/www.europesays.com\/se\/wp-json\/wp\/v2\/types\/post"}],"author":[{"embeddable":true,"href":"https:\/\/www.europesays.com\/se\/wp-json\/wp\/v2\/users\/2"}],"replies":[{"embeddable":true,"href":"https:\/\/www.europesays.com\/se\/wp-json\/wp\/v2\/comments?post=358356"}],"version-history":[{"count":0,"href":"https:\/\/www.europesays.com\/se\/wp-json\/wp\/v2\/posts\/358356\/revisions"}],"wp:featuredmedia":[{"embeddable":true,"href":"https:\/\/www.europesays.com\/se\/wp-json\/wp\/v2\/media\/358357"}],"wp:attachment":[{"href":"https:\/\/www.europesays.com\/se\/wp-json\/wp\/v2\/media?parent=358356"}],"wp:term":[{"taxonomy":"category","embeddable":true,"href":"https:\/\/www.europesays.com\/se\/wp-json\/wp\/v2\/categories?post=358356"},{"taxonomy":"post_tag","embeddable":true,"href":"https:\/\/www.europesays.com\/se\/wp-json\/wp\/v2\/tags?post=358356"}],"curies":[{"name":"wp","href":"https:\/\/api.w.org\/{rel}","templated":true}]}}