{"id":358364,"date":"2026-08-30T19:53:35","date_gmt":"2026-08-30T19:53:35","guid":{"rendered":"https:\/\/www.europesays.com\/se\/358364\/"},"modified":"2026-08-30T19:53:35","modified_gmt":"2026-08-30T19:53:35","slug":"kristersson-talade-med-sjalvfortroende-utan-distraherande-hustru","status":"publish","type":"post","link":"https:\/\/www.europesays.com\/se\/358364\/","title":{"rendered":"Kristersson talade med sj\u00e4lvf\u00f6rtroende \u2013 utan distraherande hustru"},"content":{"rendered":"<p>  <a href=\"https:\/\/www.svd.se\/av\/henrik-torehammar\" title=\"Henrik Torehammar\" rel=\"nofollow noopener\" target=\"_blank\"><img decoding=\"async\" alt=\"Henrik Torehammar\" class=\"_image_12vp2_69\" loading=\"lazy\"  src=\"https:\/\/www.europesays.com\/se\/wp-content\/uploads\/2026\/08\/1788119614_260_d475e394-3469-41f5-ad5e-7b63b6cff6e0.png\"  width=\"40\"\/><\/a><img alt=\"\" class=\"_image_1jxax_84 layout-component layout-wide\" data-fullscreen- data-track-element-type=\"Article image fullscreen\" data-track-name=\"ImageFullscreen\" fetchpriority=\"high\" decoding=\"sync\" loading=\"eager\" height=\"3333\" itemprop=\"image\"  src=\"https:\/\/www.europesays.com\/se\/wp-content\/uploads\/2026\/08\/931dcc8a-c120-3111-8b99-296b82d52a95.jpeg\"  style=\"object-position:59.51% 32.01320132013201%\" width=\"5000\"\/><\/p>\n<p class=\"_textTheme_zldsx_1 _lead_16k26_2 _lead_3ue4t_18 layout-component layout-normal layout-padded _lead_o6m9k_5 _leadTheme_1q6sv_1 body-large bold\">En optimistisk statsminister sommartalade i hemstaden utan omskrivna hustrun. N\u00e4r M vill prata skatter och brott br\u00e5kar Tid\u00f6-kollegorna med varandra.<\/p>\n<p class=\"_textTheme_zldsx_1 _paragraph_16k26_4 _paragraph_3ue4t_27 layout-component layout-normal layout-padded body-medium\">Statsministern steg ut i str\u00e5lande solsken i hemstaden Str\u00e4ngn\u00e4s f\u00f6r det av det tragiska skold\u00e5det uppskjutna sommartalet. Kristersson har anklagats f\u00f6r att l\u00e5ta tv\u00e4r i utfr\u00e5gningar. H\u00e4r var det stabil optimism. Moderaterna har sex positiva opinionsm\u00e4tningar i ryggen, \u00e4r unga v\u00e4ljares favoritparti och dominerar p\u00e5 sociala medieplattformarna Instagram och Tiktok (om man ska tro partiet utan att ha betalat en enda influerare f\u00f6r samarbeten!).<\/p>\n<p class=\"_textTheme_zldsx_1 _paragraph_16k26_4 _paragraph_3ue4t_27 layout-component layout-normal layout-padded body-medium\">Och l\u00e4ngst fram i publiken som den mest v\u00e4rmande solstr\u00e5le: fr\u00e5nvaron av hustrun Birgitta Ed.<\/p>\n","protected":false},"excerpt":{"rendered":"En optimistisk statsminister sommartalade i hemstaden utan omskrivna hustrun. N\u00e4r M vill prata skatter och brott br\u00e5kar Tid\u00f6-kollegorna&hellip;\n","protected":false},"author":2,"featured_media":358365,"comment_status":"","ping_status":"","sticky":false,"template":"","format":"standard","meta":{"footnotes":"","_share_on_mastodon":"0"},"categories":[5],"tags":[17626,22,23,1106,26,27,17,21,1562,24,25,28,29,551,15,16,18,34,1546,20416,31,33,32,30,19,20,1111,3416],"class_list":["post-358364","post","type-post","status-publish","format-standard","has-post-thumbnail","category-rubriker","tag-birgitta-ed","tag-breaking-news","tag-breakingnews","tag-ebba-busch","tag-featured-news","tag-featurednews","tag-headlines","tag-huvudnyheter","tag-jimmie-akesson","tag-latest-news","tag-latestnews","tag-main-news","tag-mainnews","tag-moderaterna","tag-news","tag-nyheter","tag-rubriker","tag-se","tag-strangnas","tag-svd-fokus-politik","tag-svenska","tag-sverige","tag-sweden","tag-swedish","tag-top-stories","tag-topstories","tag-ulf-kristersson","tag-valet-2026"],"share_on_mastodon":{"url":"https:\/\/pubeurope.com\/@se\/117186213119886323","error":""},"_links":{"self":[{"href":"https:\/\/www.europesays.com\/se\/wp-json\/wp\/v2\/posts\/358364","targetHints":{"allow":["GET"]}}],"collection":[{"href":"https:\/\/www.europesays.com\/se\/wp-json\/wp\/v2\/posts"}],"about":[{"href":"https:\/\/www.europesays.com\/se\/wp-json\/wp\/v2\/types\/post"}],"author":[{"embeddable":true,"href":"https:\/\/www.europesays.com\/se\/wp-json\/wp\/v2\/users\/2"}],"replies":[{"embeddable":true,"href":"https:\/\/www.europesays.com\/se\/wp-json\/wp\/v2\/comments?post=358364"}],"version-history":[{"count":0,"href":"https:\/\/www.europesays.com\/se\/wp-json\/wp\/v2\/posts\/358364\/revisions"}],"wp:featuredmedia":[{"embeddable":true,"href":"https:\/\/www.europesays.com\/se\/wp-json\/wp\/v2\/media\/358365"}],"wp:attachment":[{"href":"https:\/\/www.europesays.com\/se\/wp-json\/wp\/v2\/media?parent=358364"}],"wp:term":[{"taxonomy":"category","embeddable":true,"href":"https:\/\/www.europesays.com\/se\/wp-json\/wp\/v2\/categories?post=358364"},{"taxonomy":"post_tag","embeddable":true,"href":"https:\/\/www.europesays.com\/se\/wp-json\/wp\/v2\/tags?post=358364"}],"curies":[{"name":"wp","href":"https:\/\/api.w.org\/{rel}","templated":true}]}}