{"id":358430,"date":"2026-08-30T22:12:14","date_gmt":"2026-08-30T22:12:14","guid":{"rendered":"https:\/\/www.europesays.com\/se\/358430\/"},"modified":"2026-08-30T22:12:14","modified_gmt":"2026-08-30T22:12:14","slug":"scottie-scheffler-vinner-pga-tour-finalen-ludvig-aberg-tappade","status":"publish","type":"post","link":"https:\/\/www.europesays.com\/se\/358430\/","title":{"rendered":"Scottie Scheffler vinner PGA Tour-finalen \u2013 Ludvig \u00c5berg tappade"},"content":{"rendered":"<p>  <a class=\"_link_1lr5y_108\" href=\"https:\/\/aftonbladet.se\/av\/anton-johansson\" title=\"Anton Johansson\" rel=\"nofollow noopener\" target=\"_blank\"><img alt=\"Bild av Anton Johansson\" class=\"_image_1lr5y_85\" fetchpriority=\"low\" decoding=\"async\" itemprop=\"image\" loading=\"lazy\"  src=\"https:\/\/www.europesays.com\/se\/wp-content\/uploads\/2026\/08\/1788127934_228_ee21040d-9e79-4667-a3ee-2f9842b2fc2d.png\"  width=\"480\"\/><\/a> <img alt=\"Ludvig \u00c5berg. \" class=\"_image_1jxax_84 layout-component layout-wide\" data-fullscreen- data-track-element-type=\"Article image fullscreen\" data-track-name=\"ImageFullscreen\" fetchpriority=\"high\" decoding=\"sync\" loading=\"eager\" height=\"2670\" itemprop=\"image\"  src=\"https:\/\/www.europesays.com\/se\/wp-content\/uploads\/2026\/08\/241dc608-7893-3d66-94d6-f3018b352c9e.jpeg\"  style=\"object-position:0% 0%\" width=\"3996\"\/>Ludvig \u00c5berg.   Foto: BRETT DAVIS \/ REUTERSVisa mer<\/p>\n<p class=\"_textTheme_4io5p_1 _lead_16k26_2 _lead_3ue4t_18 layout-component layout-normal layout-padded _lead_o6m9k_5 _leadTheme_cypwp_1 body-large bold\">Ludvig \u00c5berg hade en teoretisk chans p\u00e5 segern i tourfinalen. <\/p>\n<p class=\"_textTheme_4io5p_1 _lead_16k26_2 _lead_3ue4t_18 layout-component layout-normal layout-padded _lead_o6m9k_5 _leadTheme_cypwp_1 body-large bold\">Men det blev en tuff s\u00f6ndag f\u00f6r 26-\u00e5ringen som blev delad fyra.<\/p>\n<p class=\"_textTheme_4io5p_1 _lead_16k26_2 _lead_3ue4t_18 layout-component layout-normal layout-padded _lead_o6m9k_5 _leadTheme_cypwp_1 body-large bold\">Vann gjorde suver\u00e4nen Scottie Scheffler som tog tillvara p\u00e5 chansen n\u00e4r Viktor Hovland f\u00f6ll ihop.<\/p>\n<p class=\"_textTheme_4io5p_1 _paragraph_16k26_4 _paragraph_3ue4t_27 layout-component layout-normal layout-padded body-medium\">Med tre slag upp till ledning inf\u00f6r s\u00f6ndagen hade \u00c5berg gett sig chansen i PGA-tourens final.<\/p>\n<p class=\"_textTheme_4io5p_1 _paragraph_16k26_4 _paragraph_3ue4t_27 layout-component layout-normal layout-padded body-medium\">Efter 18 h\u00e5l p\u00e5 East Lake Golf Club i Atlanta g\u00e5r det att konstatera att han inte tog den.<\/p>\n<p class=\"_textTheme_4io5p_1 _paragraph_16k26_4 _paragraph_3ue4t_27 layout-component layout-normal layout-padded body-medium\">Det gick tr\u00f6gt fr\u00e5n start och han var tv\u00e5 \u00f6ver par p\u00e5 de fem f\u00f6rsta h\u00e5len. <\/p>\n<p class=\"_textTheme_4io5p_1 _paragraph_16k26_4 _paragraph_3ue4t_27 layout-component layout-normal layout-padded body-medium\">\u00c5berg steppade dock upp och med tv\u00e5 birdies s\u00e5g han till att vara p\u00e5 par efter nio h\u00e5l. Men svensken beh\u00f6vde mer \u00e4n s\u00e5 och det fick han inte.<\/p>\n<p class=\"_textTheme_4io5p_1 _paragraph_16k26_4 _paragraph_3ue4t_27 layout-component layout-normal layout-padded body-medium\">Bland annat vill han nog ha tillbaka puttarna p\u00e5 h\u00e5l 13 och 16 d\u00e4r han missade tv\u00e5 birdies med liten marginal. <\/p>\n<p class=\"_textTheme_4io5p_1 _paragraph_16k26_4 _paragraph_3ue4t_27 layout-component layout-normal layout-padded body-medium\">\u00d6verlag var det mycket som gick emot \u00c5berg men han revanscherade sig i alla fall lite p\u00e5 artonde h\u00e5let.<\/p>\n<p class=\"_textTheme_4io5p_1 _paragraph_16k26_4 _paragraph_3ue4t_27 layout-component layout-normal layout-padded body-medium\">D\u00e5 stod han f\u00f6r en birdie vilket gjorde att han blev delad fyra med sju andra \u2013 i st\u00e4llet f\u00f6r delad tia. Det g\u00f6r ocks\u00e5 en skillnad ekonomiskt d\u00e5 han f\u00e5r runt 1,7 miljoner dollar, cirka 16 miljoner kronor.<\/p>\n<p class=\"_textTheme_4io5p_1 _paragraph_16k26_4 _paragraph_3ue4t_27 layout-component layout-normal layout-padded body-medium\">\u00c5berg noterades totalt f\u00f6r 71 slag, ett \u00f6ver par, vilket \u00e4r hans klart s\u00e4msta runda f\u00f6r veckan. Han landade totalt p\u00e5 \u201311.<\/p>\n<p>  Vinner 100 miljoner  <\/p>\n<p class=\"_textTheme_4io5p_1 _paragraph_16k26_4 _paragraph_3ue4t_27 layout-component layout-normal layout-padded body-medium\">Vann gjorde storstj\u00e4rnan Scottie Scheffler p\u00e5 \u201316, fem slag f\u00f6re \u00c5berg. Scheffler inkasserar d\u00e4rmed segersumman p\u00e5 100 miljoner kronor. <\/p>\n<p class=\"_textTheme_4io5p_1 _paragraph_16k26_4 _paragraph_3ue4t_27 layout-component layout-normal layout-padded body-medium\">Scheffler tampades f\u00f6rst och fr\u00e4mst med Viktor Hovland om segern. Norrmannen hade en r\u00e4tt tung dag medan Scheffler spelade stabilt rakt igenom.<\/p>\n<p class=\"_textTheme_4io5p_1 _paragraph_16k26_4 _paragraph_3ue4t_27 layout-component layout-normal layout-padded body-medium\">Mellan h\u00e5l 13 och 16 hade Hovland inte golfgudarna p\u00e5 sin sida. P\u00e5 tre av de h\u00e5len missade han puttar genom att bollen tog i v\u00e4nster h\u00e5lkant och inte rullade i.<\/p>\n<p class=\"_textTheme_4io5p_1 _paragraph_16k26_4 _paragraph_3ue4t_27 layout-component layout-normal layout-padded body-medium\">Det blev kostsamt.<\/p>\n<p> Frustrerad norrman  <\/p>\n<p class=\"_textTheme_4io5p_1 _paragraph_16k26_4 _paragraph_3ue4t_27 layout-component layout-normal layout-padded body-medium\">Hovland var uppenbart frustrerad och h\u00f6rdes ropa \u201dotroligt\u201d n\u00e4r han med ett d\u00e5ligt slag missade green p\u00e5 h\u00e5l 17. <\/p>\n<p class=\"_textTheme_4io5p_1 _paragraph_16k26_4 _paragraph_3ue4t_27 layout-component layout-normal layout-padded body-medium\">N\u00e4r allt var sagt och gjort var Hovland tv\u00e5 \u00f6ver par f\u00f6r dagen och hans \u201313 var tre slag bakom Scheffler.<\/p>\n<p class=\"_textTheme_4io5p_1 _paragraph_16k26_4 _paragraph_3ue4t_27 layout-component layout-normal layout-padded body-medium\">Noterbart \u00e4r att alla som l\u00e5g topp sex inf\u00f6r s\u00f6ndagen gick \u00f6ver par f\u00f6r dagen \u2013 f\u00f6rutom Scheffler. <\/p>\n<p class=\"_textTheme_4io5p_1 _paragraph_16k26_4 _paragraph_3ue4t_27 layout-component layout-normal layout-padded body-medium\"><strong class=\"_strong_16k26_20\"> Texten uppdateras!<\/strong><\/p>\n<p> <img alt=\"Scottie Scheffler. \" class=\"_image_1jxax_84 layout-component layout-normal\" data-fullscreen- data-track-element-type=\"Article image fullscreen\" data-track-name=\"ImageFullscreen\" decoding=\"async\" loading=\"lazy\" height=\"4000\" itemprop=\"image\"  src=\"https:\/\/www.europesays.com\/se\/wp-content\/uploads\/2026\/08\/48f33503-f82c-3ff6-aa2b-14b3938f7e9c.jpeg\"  style=\"object-position:0% 0%\" width=\"6000\"\/>Scottie Scheffler.  Foto: BRETT DAVIS \/ REUTERSVisa mer            <\/p>\n","protected":false},"excerpt":{"rendered":"Ludvig \u00c5berg. Foto: BRETT DAVIS \/ REUTERSVisa mer Ludvig \u00c5berg hade en teoretisk chans p\u00e5 segern i tourfinalen.&hellip;\n","protected":false},"author":2,"featured_media":358431,"comment_status":"","ping_status":"","sticky":false,"template":"","format":"standard","meta":{"footnotes":"","_share_on_mastodon":"0"},"categories":[68],"tags":[911,910,32043,34,111,110,31,33,32,30],"class_list":["post-358430","post","type-post","status-publish","format-standard","has-post-thumbnail","category-sport","tag-golf","tag-ludvig-aberg","tag-pga-touren","tag-se","tag-sport","tag-sports","tag-svenska","tag-sverige","tag-sweden","tag-swedish"],"share_on_mastodon":{"url":"https:\/\/pubeurope.com\/@se\/117186760200829664","error":""},"_links":{"self":[{"href":"https:\/\/www.europesays.com\/se\/wp-json\/wp\/v2\/posts\/358430","targetHints":{"allow":["GET"]}}],"collection":[{"href":"https:\/\/www.europesays.com\/se\/wp-json\/wp\/v2\/posts"}],"about":[{"href":"https:\/\/www.europesays.com\/se\/wp-json\/wp\/v2\/types\/post"}],"author":[{"embeddable":true,"href":"https:\/\/www.europesays.com\/se\/wp-json\/wp\/v2\/users\/2"}],"replies":[{"embeddable":true,"href":"https:\/\/www.europesays.com\/se\/wp-json\/wp\/v2\/comments?post=358430"}],"version-history":[{"count":0,"href":"https:\/\/www.europesays.com\/se\/wp-json\/wp\/v2\/posts\/358430\/revisions"}],"wp:featuredmedia":[{"embeddable":true,"href":"https:\/\/www.europesays.com\/se\/wp-json\/wp\/v2\/media\/358431"}],"wp:attachment":[{"href":"https:\/\/www.europesays.com\/se\/wp-json\/wp\/v2\/media?parent=358430"}],"wp:term":[{"taxonomy":"category","embeddable":true,"href":"https:\/\/www.europesays.com\/se\/wp-json\/wp\/v2\/categories?post=358430"},{"taxonomy":"post_tag","embeddable":true,"href":"https:\/\/www.europesays.com\/se\/wp-json\/wp\/v2\/tags?post=358430"}],"curies":[{"name":"wp","href":"https:\/\/api.w.org\/{rel}","templated":true}]}}