{"id":358436,"date":"2026-08-30T22:25:12","date_gmt":"2026-08-30T22:25:12","guid":{"rendered":"https:\/\/www.europesays.com\/se\/358436\/"},"modified":"2026-08-30T22:25:12","modified_gmt":"2026-08-30T22:25:12","slug":"netanyahus-son-ford-franusa-efter-allvarligt-hot-fran-iran","status":"publish","type":"post","link":"https:\/\/www.europesays.com\/se\/358436\/","title":{"rendered":"Netanyahus son f\u00f6rd fr\u00e5n\nUSA efter \u201dallvarligt hot\u201d fr\u00e5n Iran"},"content":{"rendered":"<p>Benjamin Netanyahus son Yair, 35, har i hemlighet evakuerats akut fr\u00e5n Florida.\u00a0<\/p>\n<p>Detta efter att ett \u201dallvarligt hot\u201d fr\u00e5n Iran avsl\u00f6jats mot premi\u00e4rministerns son, uppger s\u00e4kerhetstj\u00e4nsten Shin Bet i ett uttalande.\u00a0<\/p>\n<p>Samtidigt manar Irans h\u00f6gste ledare, ayatolla Mojtaba Khamenei, den muslimska v\u00e4rlden att sluta upp mot USA och Israel.\u00a0<\/p>\n<p>Senaste nyhetsklippen fr\u00e5n Expressen.<img   alt=\"\"\/><\/p>\n<p>Israels premi\u00e4rminister Benjamin Netanyahu.<\/p>\n<p>Foto: ALEX BRANDON\/AP\/TT<\/p>\n<p>\u00d6ppna bild i helsk\u00e4rm<img loading=\"lazy\"   alt=\"\"\/><\/p>\n<p>Ayatolla Mojtaba Khamenei manar de muslimska l\u00e4nderna att sluta sig samman mot Israel och USA,<\/p>\n<p>Foto: SALAMPIX\/STELLA PICTURES\/ABACA<\/p>\n<p>\u00d6ppna bild i helsk\u00e4rm<img loading=\"lazy\"   alt=\"\"\/><\/p>\n<p>Yair Netanyahu har levt i Florida sedan v\u00e5ren 2023.<\/p>\n<p>Foto: X<\/p>\n<p>\u00d6ppna bild i helsk\u00e4rm<\/p>\n<p>Premi\u00e4rministerns \u00e4ldste son Yair Netanyahu har skyndsamt evakuerats fr\u00e5n sin bas i delstaten Florida, USA, p\u00e5 grund av ett \u201dallvarligt hot\u201d fr\u00e5n Iran, rapporterar <a href=\"https:\/\/www.jpost.com\/israel-news\/article-906963\" rel=\"nofollow noopener\" target=\"_blank\">Jerusalem Post<\/a> med h\u00e4nvisning till israeliska s\u00e4kerhetstj\u00e4nsten Shin Bet.<\/p>\n<p>Hotet uppges ha varit s\u00e5 pass konkret att iranska agenter redan var p\u00e5 plats i Miami och hade b\u00f6rjat kartl\u00e4gga sonens bostad och r\u00f6relsem\u00f6nster.\u00a0<\/p>\n<p>Sonen ska ha tvingats l\u00e4mna kvar sina tillh\u00f6righeter innan han f\u00f6rdes till <a href=\"https:\/\/www.expressen.se\/tagg\/location\/israel\/\" class=\"\" rel=\"nofollow noopener\" target=\"_blank\">Israel<\/a> i all hast.\u00a0<\/p>\n<p>Detaljer kring hotet \u00e4r oklara men i f\u00f6rra veckan uppgav Benjamin Netanyahu f\u00f6r israeliska Channel 14 att Iran f\u00f6rs\u00f6kt d\u00f6da en av hans s\u00f6ner.\u00a0<\/p>\n<p>\u2013 Det finns n\u00e5got h\u00e4r som \u00e4r ofattbart. Iran riktade in sig p\u00e5 en av mina s\u00f6ner. Iran f\u00f6rs\u00f6kte m\u00f6rda honom \u2013 f\u00f6rs\u00f6kte m\u00f6rda en av mina s\u00f6ner, sa premi\u00e4rministern till tv-stationen.\u00a0<\/p>\n<p>Ayatollans nya uttalande<\/p>\n<p>Samtidigt har ayatolla Mojtaba Khamenei, som skadades sv\u00e5rt n\u00e4r USA och Israel startade kriget mot Iran den 28 februari och d\u00f6dade hans pappa Ali Khamenei, hans fru, son och andra familjemedlemmar, gjort ett nytt uttalande fr\u00e5n sitt hemliga tillh\u00e5ll.\u00a0<\/p>\n<p>\u201dK\u00e4nn din riktiga fiende, f\u00f6rst\u00e5 dess planer och konfrontera det\u201d, uppmanade Khamenei muslimska l\u00e4nder och pekade ut Israel och USA som fiende till dessa, rapporterar nyhetsbyr\u00e5n <a href=\"https:\/\/apnews.com\/article\/mideast-iran-israel-palestinians-august-30-2026-49cf07bcd4f9166f93f51136892d76a6\" rel=\"nofollow noopener\" target=\"_blank\">AP<\/a> med h\u00e4nvisning till iranska nyhetsbyr\u00e5n IRNA.\u00a0<\/p>\n<p>Yair Netanyahu flyttade till Florida 2023, innan 7 oktoberattacken och Israels efterf\u00f6ljande krig i Gaza, och har sedan blivit kvar. Han har fungerat som inofficiell r\u00e5digare till sin pappa och st\u00f6ttat dennes politik i sociala medier och i poddar.\u00a0<\/p>\n<p>Samtidigt har det v\u00e4ckt <a href=\"https:\/\/www.jpost.com\/israel-news\/benjamin-netanyahu\/article-794432\" rel=\"nofollow noopener\" target=\"_blank\">inhemsk kritik<\/a> att sonen levt i Florida med livvaktsskydd och s\u00e4kerhetsarrangemang som kostar israeliska skattebetalare motsvarande drygt en halv miljon kronor i m\u00e5naden, medan andra israeliska m\u00e4n blivit inkallade till milit\u00e4r tj\u00e4nstg\u00f6ring under krigen mot Gaza, Libanon och Iran,\u00a0<\/p>\n","protected":false},"excerpt":{"rendered":"Benjamin Netanyahus son Yair, 35, har i hemlighet evakuerats akut fr\u00e5n Florida.\u00a0 Detta efter att ett \u201dallvarligt hot\u201d&hellip;\n","protected":false},"author":2,"featured_media":358437,"comment_status":"","ping_status":"","sticky":false,"template":"","format":"standard","meta":{"footnotes":"","_share_on_mastodon":"0"},"categories":[14],"tags":[1044,22,23,26,27,14678,121,17,21,1530,342,29935,30280,24,25,7930,28,29,16109,15,16,18,34,31,33,32,30,19,20,74,51,52,53,54],"class_list":["post-358436","post","type-post","status-publish","format-standard","has-post-thumbnail","category-varlden","tag-benjamin-netanyahu","tag-breaking-news","tag-breakingnews","tag-featured-news","tag-featurednews","tag-florida","tag-gaza","tag-headlines","tag-huvudnyheter","tag-iran","tag-israel","tag-krig-konflikt","tag-kriget-i-mellanostern","tag-latest-news","tag-latestnews","tag-libanon","tag-main-news","tag-mainnews","tag-mojtaba-khamenei","tag-news","tag-nyheter","tag-rubriker","tag-se","tag-svenska","tag-sverige","tag-sweden","tag-swedish","tag-top-stories","tag-topstories","tag-usa","tag-varlden","tag-world","tag-world-news","tag-worldnews"],"share_on_mastodon":{"url":"https:\/\/pubeurope.com\/@se\/117186810702849178","error":""},"_links":{"self":[{"href":"https:\/\/www.europesays.com\/se\/wp-json\/wp\/v2\/posts\/358436","targetHints":{"allow":["GET"]}}],"collection":[{"href":"https:\/\/www.europesays.com\/se\/wp-json\/wp\/v2\/posts"}],"about":[{"href":"https:\/\/www.europesays.com\/se\/wp-json\/wp\/v2\/types\/post"}],"author":[{"embeddable":true,"href":"https:\/\/www.europesays.com\/se\/wp-json\/wp\/v2\/users\/2"}],"replies":[{"embeddable":true,"href":"https:\/\/www.europesays.com\/se\/wp-json\/wp\/v2\/comments?post=358436"}],"version-history":[{"count":0,"href":"https:\/\/www.europesays.com\/se\/wp-json\/wp\/v2\/posts\/358436\/revisions"}],"wp:featuredmedia":[{"embeddable":true,"href":"https:\/\/www.europesays.com\/se\/wp-json\/wp\/v2\/media\/358437"}],"wp:attachment":[{"href":"https:\/\/www.europesays.com\/se\/wp-json\/wp\/v2\/media?parent=358436"}],"wp:term":[{"taxonomy":"category","embeddable":true,"href":"https:\/\/www.europesays.com\/se\/wp-json\/wp\/v2\/categories?post=358436"},{"taxonomy":"post_tag","embeddable":true,"href":"https:\/\/www.europesays.com\/se\/wp-json\/wp\/v2\/tags?post=358436"}],"curies":[{"name":"wp","href":"https:\/\/api.w.org\/{rel}","templated":true}]}}