{"id":358442,"date":"2026-08-30T22:36:29","date_gmt":"2026-08-30T22:36:29","guid":{"rendered":"https:\/\/www.europesays.com\/se\/358442\/"},"modified":"2026-08-30T22:36:29","modified_gmt":"2026-08-30T22:36:29","slug":"nato-ingen-omedelbar-risk-for-ryskt-angrepp","status":"publish","type":"post","link":"https:\/\/www.europesays.com\/se\/358442\/","title":{"rendered":"Nato: Ingen omedelbar risk f\u00f6r ryskt angrepp"},"content":{"rendered":"<p class=\"wp-block-paragraph\">Nato ser inget omedelbart hot om ett direkt ryskt angrepp mot n\u00e5got medlemsland. Samtidigt varnar alliansen f\u00f6r att Ryssland trappar upp sina hybridaktiviteter i Europa. Det \u00e4r en dubbel hotbild som blivit s\u00e4rskilt tydlig f\u00f6r Sverige: risken f\u00f6r ett \u00f6ppet milit\u00e4rt angrepp bed\u00f6ms som l\u00e5g, medan sabotage, cyberattacker och p\u00e5verkansoperationer fortsatt ses som ett konkret s\u00e4kerhetsproblem.<\/p>\n<p class=\"wp-block-paragraph\">Natos nya besked kommer den 30 augusti samtidigt som flera europeiska l\u00e4nder sk\u00e4rper tonen om ryska aktiviteter under gr\u00e4nsen f\u00f6r ett \u00f6ppet krig.<\/p>\n<p class=\"wp-block-paragraph\">Alliansens budskap \u00e4r samtidigt tydligt avgr\u00e4nsat. Nato s\u00e4ger inte att det ryska hotet har f\u00f6rsvunnit eller att Ryssland inte l\u00e4ngre utg\u00f6r ett s\u00e4kerhetshot mot Europa. Bed\u00f6mningen g\u00e4ller den omedelbara risken f\u00f6r ett direkt milit\u00e4rt angrepp.<\/p>\n<p class=\"wp-block-paragraph\">\u2013 I nul\u00e4get ser vi inget omedelbart hot om ett angrepp, \u00e4r beskedet fr\u00e5n Nato.<\/p>\n<p class=\"wp-block-paragraph\">Samtidigt konstaterar alliansen att Ryssland b\u00e5de forts\u00e4tter sina omfattande attacker mot Ukraina och \u00f6kar hybridaktiviteten i Europa.<\/p>\n<p>Nato ser tv\u00e5 olika hot samtidigt<\/p>\n<p class=\"wp-block-paragraph\">Skillnaden mellan ett direkt milit\u00e4rt angrepp och hybridoperationer \u00e4r central f\u00f6r att f\u00f6rst\u00e5 Natos besked.<\/p>\n<p class=\"wp-block-paragraph\">Ett konventionellt ryskt angrepp mot ett Natoland skulle inneb\u00e4ra en helt annan milit\u00e4r och politisk situation, med risken att Natos kollektiva f\u00f6rsvar enligt artikel 5 aktiveras.<\/p>\n<p class=\"wp-block-paragraph\">Hybridoperationer kan d\u00e4remot genomf\u00f6ras utan att Ryssland formellt g\u00e5r i krig med Nato.<\/p>\n<ul class=\"wp-block-list\">\n<li>sabotage mot kritisk infrastruktur<\/li>\n<li>cyberattacker<\/li>\n<li>elektroniska st\u00f6rningar<\/li>\n<li>desinformation och p\u00e5verkansoperationer<\/li>\n<li>spionage och underr\u00e4ttelseverksamhet<\/li>\n<li>f\u00f6rs\u00f6k att p\u00e5verka politiska beslut<\/li>\n<li>anv\u00e4ndning av lokala ombud f\u00f6r olika operationer.<\/li>\n<\/ul>\n<p class=\"wp-block-paragraph\">Nato beskriver i sin <a href=\"https:\/\/www.nato.int\/en\/what-we-do\/deterrence-and-defence\/countering-hybrid-threats\" rel=\"nofollow noopener\" target=\"_blank\">aktuella strategi mot hybridhot<\/a> hur den h\u00e4r typen av aktivitet anv\u00e4nds f\u00f6r att sudda ut gr\u00e4nsen mellan fred och krig.<\/p>\n<p class=\"wp-block-paragraph\">Alliansen konstaterar ocks\u00e5 att hybridangrepp i tillr\u00e4ckligt allvarliga fall kan f\u00e5 konsekvenser f\u00f6r det kollektiva f\u00f6rsvaret. Det finns allts\u00e5 ingen automatisk regel som inneb\u00e4r att en attack m\u00e5ste genomf\u00f6ras med soldater, stridsflyg eller robotar f\u00f6r att Nato ska betrakta den som mycket allvarlig.<\/p>\n<p>Polen varnar f\u00f6r ryska provokationer<\/p>\n<p class=\"wp-block-paragraph\">Det polska tonl\u00e4get \u00e4r samtidigt mer varnande.<\/p>\n<p class=\"wp-block-paragraph\">Premi\u00e4rminister Donald Tusk sade den 29 augusti, efter information fr\u00e5n Natos generalsekreterare Mark Rutte, att de kommande sex m\u00e5naderna kan bli avg\u00f6rande och att Polen m\u00e5ste vara f\u00f6rberett p\u00e5 flera olika scenarier.<\/p>\n<p class=\"wp-block-paragraph\">Tusk utesluter inte en rysk provokation mot ett Natoland.<\/p>\n<p class=\"wp-block-paragraph\">Det beh\u00f6ver inte inneb\u00e4ra att Polen f\u00f6rv\u00e4ntar sig en fullskalig invasion. En provokation kan ocks\u00e5 best\u00e5 av en begr\u00e4nsad milit\u00e4r incident, sabotage eller annan verksamhet som testar Natos reaktion och sammanh\u00e5llning.<\/p>\n<p class=\"wp-block-paragraph\">D\u00e4rf\u00f6r g\u00e5r den polska varningen att f\u00f6rena med Natos bed\u00f6mning att n\u00e5got omedelbart direkt angreppshot inte syns.<\/p>\n<p class=\"wp-block-paragraph\">\u00c4ven Finlands president Alexander Stubb har nyligen tonat ned risken f\u00f6r ett nytt stort ryskt krig mot Nato samtidigt som kriget i Ukraina p\u00e5g\u00e5r. L\u00e4s mer om <a href=\"https:\/\/hurbra.se\/stubb-ryskt-natoangrepp\/\" rel=\"nofollow noopener\" target=\"_blank\">Stubbs bed\u00f6mning av risken f\u00f6r ett ryskt Natoangrepp<\/a>.<\/p>\n<p>USA tog upp Nato med Moskva<\/p>\n<p class=\"wp-block-paragraph\">Samtidigt har USA haft direkt kontakt med ryska f\u00f6retr\u00e4dare.<\/p>\n<p class=\"wp-block-paragraph\">CIA-chefen John Ratcliffe reste till Ryssland den 25 augusti och tr\u00e4ffade ryska underr\u00e4ttelsef\u00f6retr\u00e4dare. Enligt uppgifter till Reuters togs m\u00f6jligheten till n\u00e5gon form av rysk operation mot ett Natoland upp under kontakterna.<\/p>\n<p class=\"wp-block-paragraph\">Det \u00e4r d\u00e4remot inte fastst\u00e4llt att detta var huvudsyftet med hela resan.<\/p>\n<p class=\"wp-block-paragraph\">\u00c4ven andra s\u00e4kerhetsfr\u00e5gor, bland annat Rysslands relation till Iran, ska ha diskuterats.<\/p>\n<p class=\"wp-block-paragraph\">President Donald Trump har d\u00e4refter tonat ned dramatiken kring resan och sagt att han inte tror att Vladimir Putin kommer att angripa Natoterritorium.<\/p>\n<p class=\"wp-block-paragraph\">Det viktiga \u00e4r d\u00e4rf\u00f6r att skilja mellan vad som faktiskt \u00e4r k\u00e4nt och vad som fortfarande \u00e4r tolkningar.<\/p>\n<p class=\"wp-block-paragraph\">USA har diskuterat Natofr\u00e5gan med Moskva. Det betyder inte automatiskt att Washington bed\u00f6mer att ett ryskt angrepp \u00e4r n\u00e4ra f\u00f6rest\u00e5ende.<\/p>\n<p class=\"wp-block-paragraph\">Hurbra har tidigare g\u00e5tt igenom <a href=\"https:\/\/hurbra.se\/cia-chefen-moskva-ukraina-2026\/\" rel=\"nofollow noopener\" target=\"_blank\">CIA-chefens Moskvabes\u00f6k och samtalen med Ryssland<\/a>.<\/p>\n<p>Hybridattackerna \u00e4r den mer akuta fr\u00e5gan<\/p>\n<p class=\"wp-block-paragraph\">Det som g\u00f6r Natos besked betydelsefullt \u00e4r d\u00e4rf\u00f6r inte bara den lugnande delen.<\/p>\n<p class=\"wp-block-paragraph\">Samtidigt som alliansen inte ser ett omedelbart direktangrepp forts\u00e4tter s\u00e4kerhetsmyndigheter runt om i Europa att varna f\u00f6r h\u00e4ndelser som befinner sig i gr\u00e5zonen mellan fred och krig.<\/p>\n<p class=\"wp-block-paragraph\">Ett aktuellt exempel \u00e4r h\u00e4ndelsen vid Leipzig\/Halle-flygplatsen i Tyskland i augusti.<\/p>\n<p class=\"wp-block-paragraph\">D\u00e4r hittades en dr\u00f6nare med spr\u00e4ng\u00e4mnen n\u00e4ra ett ukrainskt transportflygplan som anv\u00e4nds f\u00f6r milit\u00e4ra transporter.<\/p>\n<p class=\"wp-block-paragraph\">Tyska myndigheter har inte offentligt fastslagit vem som l\u00e5g bakom h\u00e4ndelsen och den ska d\u00e4rf\u00f6r inte beskrivas som en bekr\u00e4ftad rysk attack.<\/p>\n<p class=\"wp-block-paragraph\">Men den visar varf\u00f6r hybridfr\u00e5gan blivit s\u00e5 sv\u00e5r f\u00f6r europeiska regeringar.<\/p>\n<p class=\"wp-block-paragraph\">En operation kan vara allvarlig och potentiellt s\u00e4kerhetspolitisk utan att det omedelbart g\u00e5r att bevisa vem som beordrat den.<\/p>\n<p class=\"wp-block-paragraph\">Det \u00e4r just s\u00e5dana situationer Nato f\u00f6rs\u00f6ker hantera b\u00e4ttre.<\/p>\n<p>Sverige g\u00f6r n\u00e4stan samma bed\u00f6mning<\/p>\n<p class=\"wp-block-paragraph\">F\u00f6r Sverige \u00e4r Natos besked s\u00e4rskilt relevant.<\/p>\n<p class=\"wp-block-paragraph\">F\u00f6rsvarsmakten bed\u00f6mer f\u00f6r n\u00e4rvarande risken f\u00f6r ett v\u00e4pnat angrepp mot Sverige som l\u00e5g.<\/p>\n<p class=\"wp-block-paragraph\">Samtidigt pekar myndigheten p\u00e5 en h\u00f6gre risk f\u00f6r andra fientliga handlingar.<\/p>\n<p class=\"wp-block-paragraph\">Det kan bland annat handla om sabotage, cyberangrepp, informationsp\u00e5verkan och aktiviteter riktade mot kritisk infrastruktur.<\/p>\n<p class=\"wp-block-paragraph\">S\u00e4kerhetspolisen presenterade dessutom den 10 augusti ett mycket konkret exempel p\u00e5 den ryska underr\u00e4ttelseaktiviteten mot Sverige.<\/p>\n<p class=\"wp-block-paragraph\">S\u00e4po uppgav d\u00e5 att en operation styrd av den ryska utrikesunderr\u00e4ttelsetj\u00e4nsten SVR hade avbrutits.<\/p>\n<p class=\"wp-block-paragraph\">Operationen ska bland annat ha varit inriktad p\u00e5 att inh\u00e4mta information och p\u00e5verka svenska beslut samt misskreditera Sverige, Nato och EU.<\/p>\n<p class=\"wp-block-paragraph\">Enligt S\u00e4po \u00e4r ryska underr\u00e4ttelsetj\u00e4nster s\u00e4rskilt intresserade av svenska politiska st\u00e4llningstaganden, Sveriges arbete inom Nato och EU, st\u00f6det till Ukraina och svensk milit\u00e4r f\u00f6rm\u00e5ga.<\/p>\n<p class=\"wp-block-paragraph\">Det g\u00f6r att den svenska hotbilden i praktiken f\u00f6ljer samma m\u00f6nster som Natos.<\/p>\n<p class=\"wp-block-paragraph\">Ett konventionellt angrepp bed\u00f6ms inte som n\u00e4ra f\u00f6rest\u00e5ende.<\/p>\n<p class=\"wp-block-paragraph\">Aktiviteter under den niv\u00e5n p\u00e5g\u00e5r d\u00e4remot redan.<\/p>\n<p>Sverige och Finland f\u00f6rst\u00e4rker \u00f6vervakningen<\/p>\n<p class=\"wp-block-paragraph\">Den nya typen av hot m\u00e4rks ocks\u00e5 i de milit\u00e4ra \u00e5tg\u00e4rder som Sverige och andra Natol\u00e4nder genomf\u00f6r.<\/p>\n<p class=\"wp-block-paragraph\">Den 28 augusti meddelade Sverige och Finland att l\u00e4nderna f\u00f6rdjupar samarbetet kring territoriell \u00f6vervakning och skyddet av finskt territorium inom Natos avskr\u00e4ckning och f\u00f6rsvar.<\/p>\n<p class=\"wp-block-paragraph\">En del av arbetet handlar om att f\u00f6rb\u00e4ttra f\u00f6rm\u00e5gan att uppt\u00e4cka och bek\u00e4mpa dr\u00f6nare.<\/p>\n<p class=\"wp-block-paragraph\">Hurbra har g\u00e5tt igenom <a href=\"https:\/\/hurbra.se\/sverige-skickar-gripen-finland\/\" rel=\"nofollow noopener\" target=\"_blank\">Sveriges f\u00f6rst\u00e4rkta milit\u00e4ra st\u00f6d och Gripen-n\u00e4rvaro i Finland<\/a>.<\/p>\n<p class=\"wp-block-paragraph\">\u00c5tg\u00e4rderna visar hur Nato kan f\u00f6rst\u00e4rka det praktiska f\u00f6rsvaret utan att samtidigt bed\u00f6ma att ett stort ryskt angrepp \u00e4r omedelbart f\u00f6rest\u00e5ende.<\/p>\n<p>Inget omedelbart angrepp betyder inte att Europa \u00e4r s\u00e4kert<\/p>\n<p class=\"wp-block-paragraph\">Det kan d\u00e4rf\u00f6r l\u00e5ta mots\u00e4gelsefullt n\u00e4r Nato samtidigt ger ett relativt lugnande besked och beskriver Ryssland som ett l\u00e5ngsiktigt s\u00e4kerhetshot.<\/p>\n<p class=\"wp-block-paragraph\">Men de tv\u00e5 sakerna handlar om olika tidsperspektiv och olika typer av konflikter.<\/p>\n<p class=\"wp-block-paragraph\">Rysslands stora milit\u00e4ra resurser \u00e4r fortfarande bundna i Ukraina. Ett direkt angrepp p\u00e5 Nato skulle dessutom inneb\u00e4ra risken f\u00f6r konflikt med hela alliansen.<\/p>\n<p class=\"wp-block-paragraph\">Samtidigt g\u00e5r det att bedriva cyberoperationer, sabotage, underr\u00e4ttelseverksamhet och informationsp\u00e5verkan utan att ta samma milit\u00e4ra risk.<\/p>\n<p class=\"wp-block-paragraph\">Det \u00e4r d\u00e4rf\u00f6r den europeiska s\u00e4kerhetsdebatten allt mer handlar om vad som h\u00e4nder under tr\u00f6skeln f\u00f6r ett \u00f6ppet krig.<\/p>\n<p class=\"wp-block-paragraph\">F\u00f6r Sverige och \u00f6vriga Nato inneb\u00e4r det att fr\u00e5nvaron av ett omedelbart invasionshot inte ger n\u00e5got utrymme att s\u00e4nka beredskapen.<\/p>\n<p class=\"wp-block-paragraph\">Tv\u00e4rtom kan de operationer som \u00e4r sv\u00e5rast att uppt\u00e4cka, bevisa och attribuera bli allt viktigare i konflikten mellan Ryssland och v\u00e4st.<\/p>\n","protected":false},"excerpt":{"rendered":"Nato ser inget omedelbart hot om ett direkt ryskt angrepp mot n\u00e5got medlemsland. Samtidigt varnar alliansen f\u00f6r att&hellip;\n","protected":false},"author":2,"featured_media":358443,"comment_status":"","ping_status":"","sticky":false,"template":"","format":"standard","meta":{"footnotes":"","_share_on_mastodon":"0"},"categories":[14],"tags":[22,23,3063,26,27,17,21,40843,40844,24,25,28,29,999,15,16,18,264,2152,34,31,33,32,30,19,20,51,52,53,54],"class_list":["post-358442","post","type-post","status-publish","format-standard","has-post-thumbnail","category-varlden","tag-breaking-news","tag-breakingnews","tag-donald-tusk","tag-featured-news","tag-featurednews","tag-headlines","tag-huvudnyheter","tag-hybridattacker","tag-john-ratcliffe","tag-latest-news","tag-latestnews","tag-main-news","tag-mainnews","tag-nato","tag-news","tag-nyheter","tag-rubriker","tag-ryssland","tag-sakerhetspolitik","tag-se","tag-svenska","tag-sverige","tag-sweden","tag-swedish","tag-top-stories","tag-topstories","tag-varlden","tag-world","tag-world-news","tag-worldnews"],"share_on_mastodon":{"url":"https:\/\/pubeurope.com\/@se\/117186853893830906","error":""},"_links":{"self":[{"href":"https:\/\/www.europesays.com\/se\/wp-json\/wp\/v2\/posts\/358442","targetHints":{"allow":["GET"]}}],"collection":[{"href":"https:\/\/www.europesays.com\/se\/wp-json\/wp\/v2\/posts"}],"about":[{"href":"https:\/\/www.europesays.com\/se\/wp-json\/wp\/v2\/types\/post"}],"author":[{"embeddable":true,"href":"https:\/\/www.europesays.com\/se\/wp-json\/wp\/v2\/users\/2"}],"replies":[{"embeddable":true,"href":"https:\/\/www.europesays.com\/se\/wp-json\/wp\/v2\/comments?post=358442"}],"version-history":[{"count":0,"href":"https:\/\/www.europesays.com\/se\/wp-json\/wp\/v2\/posts\/358442\/revisions"}],"wp:featuredmedia":[{"embeddable":true,"href":"https:\/\/www.europesays.com\/se\/wp-json\/wp\/v2\/media\/358443"}],"wp:attachment":[{"href":"https:\/\/www.europesays.com\/se\/wp-json\/wp\/v2\/media?parent=358442"}],"wp:term":[{"taxonomy":"category","embeddable":true,"href":"https:\/\/www.europesays.com\/se\/wp-json\/wp\/v2\/categories?post=358442"},{"taxonomy":"post_tag","embeddable":true,"href":"https:\/\/www.europesays.com\/se\/wp-json\/wp\/v2\/tags?post=358442"}],"curies":[{"name":"wp","href":"https:\/\/api.w.org\/{rel}","templated":true}]}}