{"id":358450,"date":"2026-08-30T22:47:17","date_gmt":"2026-08-30T22:47:17","guid":{"rendered":"https:\/\/www.europesays.com\/se\/358450\/"},"modified":"2026-08-30T22:47:17","modified_gmt":"2026-08-30T22:47:17","slug":"analys-sa-bra-ar-djurgards-nyforvarvet-abdul-abdulmalik","status":"publish","type":"post","link":"https:\/\/www.europesays.com\/se\/358450\/","title":{"rendered":"ANALYS: S\u00e5 bra \u00e4r Djurg\u00e5rds-nyf\u00f6rv\u00e4rvet Abdul Abdulmalik"},"content":{"rendered":"<p>                                <img loading=\"lazy\" width=\"1000\" height=\"650\" src=\"https:\/\/www.europesays.com\/se\/wp-content\/uploads\/2026\/08\/Abdul4-e1788116747235.png\" class=\"attachment-full size-full wp-post-image\" alt=\"ANALYS: S\u00e5 bra \u00e4r Djurg\u00e5rds-nyf\u00f6rv\u00e4rvet Abdul Abdulmalik\" title=\"\" decoding=\"async\"  \/>                            <\/p>\n<p><strong>Djurg\u00e5rden har kommit \u00f6verens med Boreham Wood kring en \u00f6verg\u00e5ng f\u00f6r Abdul Abdulmalik, 23.<\/strong><\/p>\n<p><strong>Yttern uts\u00e5gs till s\u00e4songens b\u00e4sta unga spelare i den engelska femtedivisionen i fjol och flyttar nu till den allsvenska toppklubben.<\/strong><\/p>\n<p><strong>Anders Lindberg har analyserat en Millwall-produkt som flyger fram l\u00e4ngs v\u00e4nsterkanten.<\/strong><\/p>\n<p>  Redan prenumerant? <a href=\"https:\/\/fotbollsthlm.se\/login\/\" style=\"color:blue;\" rel=\"nofollow noopener\" target=\"_blank\">Logga in<\/a> f\u00f6r att l\u00e4sa.<\/p>\n<p>Eller bli <a href=\"https:\/\/fotbollsthlm.se\/plus\/\" style=\"color:blue;\" rel=\"nofollow noopener\" target=\"_blank\">Prenumerant<\/a> &#13;\n    <\/p>\n<p>\u2022 Tillg\u00e5ng till allt material p\u00e5 Fotboll Sthlm <br \/>&#13;<br \/>\n\u2022 L\u00f6pande prenumeration, utan bindningstid <br \/>&#13;<br \/>\n\u2022 99 kronor f\u00f6r 30 dagar&#13;\n    <\/p>\n<p>                                <a href=\"https:\/\/fotbollsthlm.se\/tag\/anders-lindberg\/\" rel=\"tag nofollow noopener\" target=\"_blank\">Anders Lindberg<\/a>, <a href=\"https:\/\/fotbollsthlm.se\/tag\/djurgarden\/\" rel=\"tag nofollow noopener\" target=\"_blank\">Djurg\u00e5rden<\/a>, <a href=\"https:\/\/fotbollsthlm.se\/tag\/plus\/\" rel=\"tag nofollow noopener\" target=\"_blank\">Plus<\/a>                            <\/p>\n","protected":false},"excerpt":{"rendered":"Djurg\u00e5rden har kommit \u00f6verens med Boreham Wood kring en \u00f6verg\u00e5ng f\u00f6r Abdul Abdulmalik, 23. Yttern uts\u00e5gs till s\u00e4songens&hellip;\n","protected":false},"author":2,"featured_media":358451,"comment_status":"","ping_status":"","sticky":false,"template":"","format":"standard","meta":{"footnotes":"","_share_on_mastodon":"0"},"categories":[5],"tags":[2398,22,23,7955,26,27,17,21,24,25,28,29,15,16,9471,18,34,31,33,32,30,19,20],"class_list":["post-358450","post","type-post","status-publish","format-standard","has-post-thumbnail","category-rubriker","tag-anders-lindberg","tag-breaking-news","tag-breakingnews","tag-djurgarden","tag-featured-news","tag-featurednews","tag-headlines","tag-huvudnyheter","tag-latest-news","tag-latestnews","tag-main-news","tag-mainnews","tag-news","tag-nyheter","tag-plus","tag-rubriker","tag-se","tag-svenska","tag-sverige","tag-sweden","tag-swedish","tag-top-stories","tag-topstories"],"share_on_mastodon":{"url":"https:\/\/pubeurope.com\/@se\/117186897579053566","error":""},"_links":{"self":[{"href":"https:\/\/www.europesays.com\/se\/wp-json\/wp\/v2\/posts\/358450","targetHints":{"allow":["GET"]}}],"collection":[{"href":"https:\/\/www.europesays.com\/se\/wp-json\/wp\/v2\/posts"}],"about":[{"href":"https:\/\/www.europesays.com\/se\/wp-json\/wp\/v2\/types\/post"}],"author":[{"embeddable":true,"href":"https:\/\/www.europesays.com\/se\/wp-json\/wp\/v2\/users\/2"}],"replies":[{"embeddable":true,"href":"https:\/\/www.europesays.com\/se\/wp-json\/wp\/v2\/comments?post=358450"}],"version-history":[{"count":0,"href":"https:\/\/www.europesays.com\/se\/wp-json\/wp\/v2\/posts\/358450\/revisions"}],"wp:featuredmedia":[{"embeddable":true,"href":"https:\/\/www.europesays.com\/se\/wp-json\/wp\/v2\/media\/358451"}],"wp:attachment":[{"href":"https:\/\/www.europesays.com\/se\/wp-json\/wp\/v2\/media?parent=358450"}],"wp:term":[{"taxonomy":"category","embeddable":true,"href":"https:\/\/www.europesays.com\/se\/wp-json\/wp\/v2\/categories?post=358450"},{"taxonomy":"post_tag","embeddable":true,"href":"https:\/\/www.europesays.com\/se\/wp-json\/wp\/v2\/tags?post=358450"}],"curies":[{"name":"wp","href":"https:\/\/api.w.org\/{rel}","templated":true}]}}