{"id":358456,"date":"2026-08-30T23:04:14","date_gmt":"2026-08-30T23:04:14","guid":{"rendered":"https:\/\/www.europesays.com\/se\/358456\/"},"modified":"2026-08-30T23:04:14","modified_gmt":"2026-08-30T23:04:14","slug":"cia-chefens-drag-i-moskva-vill-samla-tre-presidenter","status":"publish","type":"post","link":"https:\/\/www.europesays.com\/se\/358456\/","title":{"rendered":"CIA-chefens drag i Moskva: Vill samla tre presidenter"},"content":{"rendered":"<p>CIA-chefen John Ratcliffes hemliga Moskva-bes\u00f6k har v\u00e4ckt fr\u00e5gor.<\/p>\n<p>Nu uppges han ha f\u00f6rs\u00f6kt bl\u00e5sa liv i fredssamtalen om Ukraina.<\/p>\n<p>Med tre presidenter vid samma bord.<\/p>\n<p>Senaste klippen om kriget i Ukraina.<img   alt=\"\"\/><\/p>\n<p>Donald Trump i samtal med John Ratcliffe.<\/p>\n<p>Foto: Nathan Howard\/AP\/TT<\/p>\n<p>\u00d6ppna bild i helsk\u00e4rm<img loading=\"lazy\"   alt=\"\"\/><\/p>\n<p>Vladimir Putin.<\/p>\n<p>Foto: MIKHAIL METZEL\/KREMLIN POOL \/ STELLA PICTURES<\/p>\n<p>\u00d6ppna bild i helsk\u00e4rm<\/p>\n<p>P\u00e5 tisdagen gjorde Trumps spionchef John Ratcliffe ett <a href=\"https:\/\/www.expressen.se\/nyheter\/varlden\/cia-chefen-besokte-moskva-for-att-varna-putin\/\" rel=\"nofollow noopener\" target=\"_blank\">pl\u00f6tsligt bes\u00f6k i Moskva<\/a> \u2013\u00a0f\u00f6r m\u00f6ten med sina ryska motsvarigheter.<\/p>\n<p>D\u00e5 ska han ha haft med sig en varning till Putin. Enligt k\u00e4llor till <a href=\"https:\/\/www.expressen.se\/nyheter\/varlden\/cia-chefen-besokte-moskva-for-att-varna-putin\/\" rel=\"nofollow noopener\" target=\"_blank\">flera medier<\/a> riktade han delvis en skarp uppmaning om att inte attackera USA:s allierade i Nato \u2013\u00a0efter uppgifter om att Ryssland \u00e4r p\u00e5\u00a0v\u00e4g att <a href=\"https:\/\/www.expressen.se\/nyheter\/varlden\/putin-trappar-upp-dronarkriget-kan-sla-mot-nato\/\" rel=\"nofollow noopener\" target=\"_blank\">trappa upp kriget<\/a>.<\/p>\n<p>Men det fanns mer p\u00e5 agendan.<\/p>\n<p>Enligt k\u00e4llor till <a href=\"https:\/\/www.axios.com\/2026\/08\/29\/cia-director-ratcliffe-putin-zelensky-summit-war\" rel=\"nofollow noopener\" target=\"_blank\">Axios<\/a> ska Ratcliffe \u00e4ven ha f\u00f6reslagit ett trepartsm\u00f6te mellan president Trump, Zelenskyj och Putin.<\/p>\n<p>Samtidigt ville han unders\u00f6ka om Rysslands underr\u00e4ttelsechefer kan hj\u00e4lpa till att \u00f6vertyga Putin om att \u00e5teruppta de USA-ledda fredsf\u00f6rhandlingarna, enligt k\u00e4llorna.<\/p>\n<p><img loading=\"lazy\"   alt=\"\"\/><\/p>\n<p>CIA:s chef John Radcliffe och USA:s president Donald Trump.<\/p>\n<p>Foto: POLARIS\/IBL<\/p>\n<p>\u00d6ppna bild i helsk\u00e4rmZelenskyj informerad<\/p>\n<p>Zelenskyj ska ha informerats om samtalen i Moskva p\u00e5 fredagen, enligt Axios k\u00e4llor. <a href=\"https:\/\/www.expressen.se\/nyheter\/varlden\/zelenskyj-om-cias--besok-i-ryssland\/\" rel=\"nofollow noopener\" target=\"_blank\">I sitt kv\u00e4llstal<\/a> p\u00e5 samma dag ber\u00e4ttade den ukrainske presidenten att han briefats om vad som stod p\u00e5 dagordningen \u2013 utan att s\u00e4ga vad det var.<\/p>\n<p>Ratcliffe m\u00f6tte Sergej Naryshkin, chef f\u00f6r Rysslands federala utrikesunderr\u00e4ttelsetj\u00e4nst (SVR), och Alexander Bortnikov, chef f\u00f6r Rysslands federala s\u00e4kerhetstj\u00e4nst (FSB). Det framgick inte hur n\u00e5gon av dem bem\u00f6tte f\u00f6rslaget.<\/p>\n<p>Trumpadministrationen har tidigare f\u00f6reslagit trepartsm\u00f6ten. Ukraina har varit f\u00f6r, Ryssland emot.<\/p>\n<p><img loading=\"lazy\"   alt=\"\"\/><\/p>\n<p>Ukrainas president Volodymyr Zelenskyj.<\/p>\n<p>Foto: UKRINFORM\/SHUTTERSTOCK \/ SHUTTERSTOCK EDITORIAL\/IBL<\/p>\n<p>\u00d6ppna bild i helsk\u00e4rmKiev \u00e4r skeptiskt<\/p>\n<p>De USA-ledda fredsf\u00f6rhandlingarna mellan Ukraina och Ryssland har varit en l\u00e5ng historia.\u00a0<\/p>\n<p>Senast ryska och ukrainska delegationer m\u00f6ttes var i februari \u2013 och <a href=\"https:\/\/www.expressen.se\/nyheter\/varlden\/putins-strategi-eskalera-kriget\/\" rel=\"nofollow noopener\" target=\"_blank\">Kremln\u00e4ra k\u00e4llor har uppgett <\/a>att Putin anser att fredsf\u00f6rhandlingarna n\u00e5tt v\u00e4gs \u00e4nde.<\/p>\n<p>Enligt Axios k\u00e4llor \u00e4r <a href=\"https:\/\/www.expressen.se\/tagg\/location\/kiev\/\" class=\"\" rel=\"nofollow noopener\" target=\"_blank\">Kiev<\/a> skeptiska till att f\u00f6rhandlingar med Kreml kommer att leda n\u00e5gon vart i nul\u00e4get \u2013\u00a0d\u00e5 man tror att Ryssland planerar en eskalering av kriget.<\/p>\n","protected":false},"excerpt":{"rendered":"CIA-chefen John Ratcliffes hemliga Moskva-bes\u00f6k har v\u00e4ckt fr\u00e5gor. Nu uppges han ha f\u00f6rs\u00f6kt bl\u00e5sa liv i fredssamtalen om&hellip;\n","protected":false},"author":2,"featured_media":358457,"comment_status":"","ping_status":"","sticky":false,"template":"","format":"standard","meta":{"footnotes":"","_share_on_mastodon":"0"},"categories":[5],"tags":[22,23,11302,385,26,27,17,21,29556,17566,29935,1744,24,25,28,29,3468,999,15,16,18,264,34,31,33,32,30,19,20,263,51,261,262],"class_list":["post-358456","post","type-post","status-publish","format-standard","has-post-thumbnail","category-rubriker","tag-breaking-news","tag-breakingnews","tag-cia","tag-donald-trump","tag-featured-news","tag-featurednews","tag-headlines","tag-huvudnyheter","tag-kiev","tag-kreml","tag-krig-konflikt","tag-kriget-i-ukraina","tag-latest-news","tag-latestnews","tag-main-news","tag-mainnews","tag-moskva","tag-nato","tag-news","tag-nyheter","tag-rubriker","tag-ryssland","tag-se","tag-svenska","tag-sverige","tag-sweden","tag-swedish","tag-top-stories","tag-topstories","tag-ukraina","tag-varlden","tag-vladimir-putin","tag-volodymyr-zelenskyj"],"share_on_mastodon":{"url":"https:\/\/pubeurope.com\/@se\/117186963866212364","error":""},"_links":{"self":[{"href":"https:\/\/www.europesays.com\/se\/wp-json\/wp\/v2\/posts\/358456","targetHints":{"allow":["GET"]}}],"collection":[{"href":"https:\/\/www.europesays.com\/se\/wp-json\/wp\/v2\/posts"}],"about":[{"href":"https:\/\/www.europesays.com\/se\/wp-json\/wp\/v2\/types\/post"}],"author":[{"embeddable":true,"href":"https:\/\/www.europesays.com\/se\/wp-json\/wp\/v2\/users\/2"}],"replies":[{"embeddable":true,"href":"https:\/\/www.europesays.com\/se\/wp-json\/wp\/v2\/comments?post=358456"}],"version-history":[{"count":0,"href":"https:\/\/www.europesays.com\/se\/wp-json\/wp\/v2\/posts\/358456\/revisions"}],"wp:featuredmedia":[{"embeddable":true,"href":"https:\/\/www.europesays.com\/se\/wp-json\/wp\/v2\/media\/358457"}],"wp:attachment":[{"href":"https:\/\/www.europesays.com\/se\/wp-json\/wp\/v2\/media?parent=358456"}],"wp:term":[{"taxonomy":"category","embeddable":true,"href":"https:\/\/www.europesays.com\/se\/wp-json\/wp\/v2\/categories?post=358456"},{"taxonomy":"post_tag","embeddable":true,"href":"https:\/\/www.europesays.com\/se\/wp-json\/wp\/v2\/tags?post=358456"}],"curies":[{"name":"wp","href":"https:\/\/api.w.org\/{rel}","templated":true}]}}