{"id":358462,"date":"2026-08-30T23:12:19","date_gmt":"2026-08-30T23:12:19","guid":{"rendered":"https:\/\/www.europesays.com\/se\/358462\/"},"modified":"2026-08-30T23:12:19","modified_gmt":"2026-08-30T23:12:19","slug":"30-tal-doda-pa-aldreboende-i-kiev","status":"publish","type":"post","link":"https:\/\/www.europesays.com\/se\/358462\/","title":{"rendered":"30-tal d\u00f6da p\u00e5 \u00e4ldreboende i Kiev"},"content":{"rendered":"<p>N\u00e4r ett vapenlager tr\u00e4ffades i en rysk attack mot Kiev under fredagen ledde det till stor f\u00f6r\u00f6delse.\u00a0<\/p>\n<p>Ett 30-tal personer p\u00e5 ett \u00e4ldreboende d\u00f6dades i attacken.\u00a0<\/p>\n<p><img   alt=\"\"\/><\/p>\n<p>En dr\u00f6narattack slog ut ett vapenlager i staden Myla, n\u00e4ra Kiev.<\/p>\n<p>Foto: MYKOLA TYMCHENKO \/ EPA<\/p>\n<p>\u00d6ppna bild i helsk\u00e4rm<img loading=\"lazy\"   alt=\"\"\/><\/p>\n<p>Ett 30-tal dog p\u00e5 ett \u00e4ldreboende i n\u00e4rheten av attacken.<\/p>\n<p>Foto: DAN BASHAKOV  \/AP\/TT \/ AP TT NYHETSBYR\u00c5N<\/p>\n<p>\u00d6ppna bild i helsk\u00e4rm<\/p>\n<p>Det var i fredagskv\u00e4ll som ett ammunitionslager i byn Myla utanf\u00f6r Kiev tr\u00e4ffades i en rysk attack. Minst 38 personer dog i vad som beskrivs som den d\u00f6dligaste attacken i <a href=\"https:\/\/www.expressen.se\/tagg\/location\/ukraina\/\" class=\"\" rel=\"nofollow noopener\" target=\"_blank\">Ukraina<\/a> i \u00e5r, enligt AP.\u00a0<\/p>\n<p>De flesta av dem \u00e4r boende p\u00e5 ett \u00e4ldreboende, skriver <a href=\"https:\/\/www.pravda.com.ua\/eng\/news\/2026\/08\/29\/8050968\/\" rel=\"nofollow noopener\" target=\"_blank\">Ukrainska Pravda<\/a>. Enligt tidningen har 27 kroppar identifierats.\u00a0<\/p>\n<p>Ett 100-tal bostadshus skadades och \u00f6ver 40 personer skadades, enligt BBC.\u00a0<\/p>\n<p>\u2013 Allt \u00e4r helt f\u00f6rst\u00f6rt, s\u00e4ger Liubov Pavlenko, 45, boende i omr\u00e5det till BBC.\u00a0<\/p>\n<p>370 personer har evakuerats fr\u00e5n omr\u00e5det. \u00a0<\/p>\n<p>Zelenskyj: H\u00e4ndelsen utreds\u00a0<\/p>\n<p>Presidenten Volodymyr Zelenskyj skriver p\u00e5 Telegram att attacken ledde till en explosion p\u00e5 fastigheterna n\u00e4ra ett hem f\u00f6r \u00e4ldre och funktionsnedsatta. H\u00e4ndelsen kommer att utredas av polis.\u00a0<\/p>\n<p>Det \u00e4r enligt Zelenskyj inte till\u00e5tet att f\u00f6rvara ammunition i n\u00e4rheten av bostadshus.\u00a0<\/p>\n<p>\u201dDet finns regler: ammunition f\u00e5r inte finnas i n\u00e4rheten av bostadshus eller annan bostadsbebyggelse. Det kommer definitivt att komma relevanta \u00e5tg\u00e4rder\u201d, skriver han.<\/p>\n<p>Ilska bland Kievbor\u00a0<\/p>\n<p>Tidigare i juli exploderade ett annat ammunitionslager i Vyshneve i en rysk attack.\u00a0<\/p>\n<p>D\u00e5 d\u00f6dades nio personer och hundratals hem f\u00f6rst\u00f6rdes.\u00a0<\/p>\n<p>M\u00e5nga Kievbor fr\u00e5gar sig nu hur n\u00e5got likande kunde ske igen.\u00a0<\/p>\n<p>\u2013 Varf\u00f6r var det ammunition och vapen n\u00e4ra en by? Det finns inga ord, bara k\u00e4nslor, s\u00e4ger Borys Daniyluk till <a href=\"https:\/\/www.bbc.com\/news\/articles\/c86xwqez4npo#google_vignette\" rel=\"nofollow noopener\" target=\"_blank\">BBC. <\/a>\u00a0<\/p>\n","protected":false},"excerpt":{"rendered":"N\u00e4r ett vapenlager tr\u00e4ffades i en rysk attack mot Kiev under fredagen ledde det till stor f\u00f6r\u00f6delse.\u00a0 Ett&hellip;\n","protected":false},"author":2,"featured_media":358463,"comment_status":"","ping_status":"","sticky":false,"template":"","format":"standard","meta":{"footnotes":"","_share_on_mastodon":"0"},"categories":[5],"tags":[22,23,26,27,17,21,29556,29935,1744,24,25,28,29,15,16,18,34,31,33,32,30,19,20,263,51],"class_list":["post-358462","post","type-post","status-publish","format-standard","has-post-thumbnail","category-rubriker","tag-breaking-news","tag-breakingnews","tag-featured-news","tag-featurednews","tag-headlines","tag-huvudnyheter","tag-kiev","tag-krig-konflikt","tag-kriget-i-ukraina","tag-latest-news","tag-latestnews","tag-main-news","tag-mainnews","tag-news","tag-nyheter","tag-rubriker","tag-se","tag-svenska","tag-sverige","tag-sweden","tag-swedish","tag-top-stories","tag-topstories","tag-ukraina","tag-varlden"],"share_on_mastodon":{"url":"https:\/\/pubeurope.com\/@se\/117186995523161923","error":""},"_links":{"self":[{"href":"https:\/\/www.europesays.com\/se\/wp-json\/wp\/v2\/posts\/358462","targetHints":{"allow":["GET"]}}],"collection":[{"href":"https:\/\/www.europesays.com\/se\/wp-json\/wp\/v2\/posts"}],"about":[{"href":"https:\/\/www.europesays.com\/se\/wp-json\/wp\/v2\/types\/post"}],"author":[{"embeddable":true,"href":"https:\/\/www.europesays.com\/se\/wp-json\/wp\/v2\/users\/2"}],"replies":[{"embeddable":true,"href":"https:\/\/www.europesays.com\/se\/wp-json\/wp\/v2\/comments?post=358462"}],"version-history":[{"count":0,"href":"https:\/\/www.europesays.com\/se\/wp-json\/wp\/v2\/posts\/358462\/revisions"}],"wp:featuredmedia":[{"embeddable":true,"href":"https:\/\/www.europesays.com\/se\/wp-json\/wp\/v2\/media\/358463"}],"wp:attachment":[{"href":"https:\/\/www.europesays.com\/se\/wp-json\/wp\/v2\/media?parent=358462"}],"wp:term":[{"taxonomy":"category","embeddable":true,"href":"https:\/\/www.europesays.com\/se\/wp-json\/wp\/v2\/categories?post=358462"},{"taxonomy":"post_tag","embeddable":true,"href":"https:\/\/www.europesays.com\/se\/wp-json\/wp\/v2\/tags?post=358462"}],"curies":[{"name":"wp","href":"https:\/\/api.w.org\/{rel}","templated":true}]}}