{"id":358562,"date":"2026-08-31T03:50:06","date_gmt":"2026-08-31T03:50:06","guid":{"rendered":"https:\/\/www.europesays.com\/se\/358562\/"},"modified":"2026-08-31T03:50:06","modified_gmt":"2026-08-31T03:50:06","slug":"kristersson-farliga-man-ska-tvangsomhandertas","status":"publish","type":"post","link":"https:\/\/www.europesays.com\/se\/358562\/","title":{"rendered":"Kristersson: Farliga m\u00e4n ska tv\u00e5ngsomh\u00e4ndertas"},"content":{"rendered":"\n<ul class=\"_gallery_1f6gv_33\" tabindex=\"0\">\n<li class=\"_item_1f6gv_64\" data-index=\"0\"><img fetchpriority=\"high\" decoding=\"async\" alt=\"\" class=\"_image_1rh6a_27 _introGallery_1rh6a_47\" data-fullscreen- width=\"5120\" height=\"3416\" itemprop=\"image\" loading=\"eager\"  src=\"https:\/\/www.europesays.com\/se\/wp-content\/uploads\/2026\/08\/8b340cd4-2fe4-301a-801d-a31262db668c.jpeg\"  style=\"object-position:50% 50%;aspect-ratio:var(--gallery-aspect-ratio, 16 \/ 9)\"\/>Statsminister Ulf Kristersson (M) h\u00e5ller sitt sommartal i Ugglas park i Str\u00e4ngn\u00e4s. Foto: Anders Wiklund\/TT<\/li>\n<li class=\"_item_1f6gv_64\" data-index=\"1\"><img decoding=\"async\" alt=\"\" class=\"_image_1rh6a_27 _introGallery_1rh6a_47\" data-fullscreen- width=\"7360\" height=\"5504\" itemprop=\"image\" loading=\"lazy\"  src=\"https:\/\/www.europesays.com\/se\/wp-content\/uploads\/2026\/08\/8288c46c-2b60-3504-aff6-dde1162d3fcf.jpeg\"  style=\"object-position:50% 50%;aspect-ratio:var(--gallery-aspect-ratio, 16 \/ 9)\"\/>Ulf Kristersson (M) med sin hund Winston i Str\u00e4ngn\u00e4s. Foto: Anders Wiklund\/TT<\/li>\n<\/ul>\n<p>Statsminister Ulf Kristersson (M) h\u00e5ller sitt sommartal i Ugglas park i Str\u00e4ngn\u00e4s. Foto: Anders Wiklund\/TT<\/p>\n<p class=\"_textTheme_zldsx_1 _lead_16k26_2 _lead_3ue4t_18 layout-component layout-normal layout-padded _lead_o6m9k_5 _leadTheme_1q6sv_1 body-large bold\">Statsminister Ulf Kristersson (M) lovar h\u00e5rdare tag mot m\u00e4n som beg\u00e5r brott mot kvinnor.<\/p>\n<p class=\"_textTheme_zldsx_1 _lead_16k26_2 _lead_3ue4t_18 layout-component layout-normal layout-padded _lead_o6m9k_5 _leadTheme_1q6sv_1 body-large bold\">Ett av f\u00f6rslagen \u00e4r att kunna tv\u00e5ngsomh\u00e4nderta m\u00e4n \u201dn\u00e4r risken f\u00f6r v\u00e5ld \u00e4r tydlig\u201d.<\/p>\n<p class=\"_textTheme_zldsx_1 _paragraph_16k26_4 _paragraph_3ue4t_27 layout-component layout-normal layout-padded body-medium\">Sverige har kommit till r\u00e4tta med den grova brottsligheten och g\u00e4ngkriminaliteten. Det \u00e4r Kristerssons budskap fr\u00e5n hans sommartal i Ugglas park i hemstaden Str\u00e4ngn\u00e4s.<\/p>\n<p class=\"_textTheme_zldsx_1 _paragraph_16k26_4 _paragraph_3ue4t_27 layout-component layout-normal layout-padded body-medium\">Nu vill partiet g\u00e5 vidare med en ny skyddslagstiftning f\u00f6r kvinnor som riskerar att uts\u00e4ttas f\u00f6r d\u00f6dligt v\u00e5ld, om Tid\u00f6sidan f\u00e5r majoritet i riksdagsvalet.<\/p>\n<p class=\"_textTheme_zldsx_1 _paragraph_16k26_4 _paragraph_3ue4t_27 layout-component layout-normal layout-padded body-medium\">\u2013 Vi vill ge polisen en verktygsl\u00e5da f\u00f6r att b\u00e4ttre kunna skydda kvinnor, s\u00e4ger Kristersson.<\/p>\n<p> Vardagsbrotten i fokus <\/p>\n<p class=\"_textTheme_zldsx_1 _paragraph_16k26_4 _paragraph_3ue4t_27 layout-component layout-normal layout-padded body-medium\">Enligt statsministern har den g\u00e5ngna mandatperioden handlat om att komma \u00e5t g\u00e4ngbrottsligheten. Nu \u00e4r det vardagsbrotten, m\u00e4ngdbrott som st\u00f6lder och bedr\u00e4gerier, och m\u00e4ns v\u00e5ld mot kvinnor som ska st\u00e5 i fokus.<\/p>\n<p class=\"_textTheme_zldsx_1 _paragraph_16k26_4 _paragraph_3ue4t_27 layout-component layout-normal layout-padded body-medium\">\u2013 Det \u00e4r den riktigt stora kriminalpolitiska uppgiften fram\u00e5t. Och att d\u00e5 stoppa m\u00e4nnen som beg\u00e5r brotten innan de beg\u00e5s vore f\u00f6rst\u00e5s mycket b\u00e4ttre, s\u00e4ger Kristersson utan att g\u00e5 in p\u00e5 hur det ska g\u00e5 till, men pekar p\u00e5 att det ska likna polisens metoder mot g\u00e4ngkriminaliteten.<\/p>\n<p> Tre punkter till f\u00f6r\u00e4ndringar <\/p>\n<p class=\"_textTheme_zldsx_1 _paragraph_16k26_4 _paragraph_3ue4t_27 layout-component layout-normal layout-padded body-medium\">Han l\u00e4gger fram tre f\u00f6rslag:<\/p>\n<p class=\"_textTheme_zldsx_1 _paragraph_16k26_4 _paragraph_3ue4t_27 layout-component layout-normal layout-padded body-medium\">Polisen ska oftare kunna varna potentiella brottsoffer och anh\u00f6riga f\u00f6r farliga m\u00e4n, och att det i allvarliga fall ska vara en skyldighet.<\/p>\n<p class=\"_textTheme_zldsx_1 _paragraph_16k26_4 _paragraph_3ue4t_27 layout-component layout-normal layout-padded body-medium\">Det andra \u00e4r att polisen ska kunna avlyssna telefoner och l\u00e4sa meddelanden f\u00f6r att f\u00f6rhindra m\u00e4ns livsfarliga v\u00e5ld mot kvinnor.<\/p>\n<p class=\"_textTheme_zldsx_1 _paragraph_16k26_4 _paragraph_3ue4t_27 layout-component layout-normal layout-padded body-medium\">\u2013 Vi vet att det funkar f\u00f6r vi har anv\u00e4nt metoderna mot de kriminella g\u00e4ngen, s\u00e4ger Kristersson.<\/p>\n<p class=\"_textTheme_zldsx_1 _paragraph_16k26_4 _paragraph_3ue4t_27 layout-component layout-normal layout-padded body-medium\">Och till sist att farliga m\u00e4n ska kunna tv\u00e5ngsomh\u00e4ndertas n\u00e4r risken f\u00f6r v\u00e5ld \u00e4r tydlig.<\/p>\n<p class=\"_textTheme_zldsx_1 _paragraph_16k26_4 _paragraph_3ue4t_27 layout-component layout-normal layout-padded body-medium\">\u2013 \u2019F\u00f6r h\u00e5rt\u2019, kommer n\u00e5gra garanterat s\u00e4ga. \u2019F\u00f6r fort\u2019, kommer andra s\u00e4ga. \u2019Skydda kvinnor fr\u00e5n nya brott\u2019 s\u00e4ger vi. Alla tjejer och kvinnor ska veta p\u00e5 vems sida samh\u00e4llet st\u00e5r. Det \u00e4r p\u00e5 deras. Inte p\u00e5 f\u00f6r\u00f6varens, s\u00e4ger Kristersson.<\/p>\n","protected":false},"excerpt":{"rendered":"Statsminister Ulf Kristersson (M) h\u00e5ller sitt sommartal i Ugglas park i Str\u00e4ngn\u00e4s. Foto: Anders Wiklund\/TT Ulf Kristersson (M)&hellip;\n","protected":false},"author":2,"featured_media":358563,"comment_status":"","ping_status":"","sticky":false,"template":"","format":"standard","meta":{"footnotes":"","_share_on_mastodon":"0"},"categories":[5],"tags":[22,23,26,27,17,21,24,25,28,29,551,15,16,18,34,31,33,32,30,19,20],"class_list":["post-358562","post","type-post","status-publish","format-standard","has-post-thumbnail","category-rubriker","tag-breaking-news","tag-breakingnews","tag-featured-news","tag-featurednews","tag-headlines","tag-huvudnyheter","tag-latest-news","tag-latestnews","tag-main-news","tag-mainnews","tag-moderaterna","tag-news","tag-nyheter","tag-rubriker","tag-se","tag-svenska","tag-sverige","tag-sweden","tag-swedish","tag-top-stories","tag-topstories"],"share_on_mastodon":{"url":"https:\/\/pubeurope.com\/@se\/117188089249732381","error":""},"_links":{"self":[{"href":"https:\/\/www.europesays.com\/se\/wp-json\/wp\/v2\/posts\/358562","targetHints":{"allow":["GET"]}}],"collection":[{"href":"https:\/\/www.europesays.com\/se\/wp-json\/wp\/v2\/posts"}],"about":[{"href":"https:\/\/www.europesays.com\/se\/wp-json\/wp\/v2\/types\/post"}],"author":[{"embeddable":true,"href":"https:\/\/www.europesays.com\/se\/wp-json\/wp\/v2\/users\/2"}],"replies":[{"embeddable":true,"href":"https:\/\/www.europesays.com\/se\/wp-json\/wp\/v2\/comments?post=358562"}],"version-history":[{"count":0,"href":"https:\/\/www.europesays.com\/se\/wp-json\/wp\/v2\/posts\/358562\/revisions"}],"wp:featuredmedia":[{"embeddable":true,"href":"https:\/\/www.europesays.com\/se\/wp-json\/wp\/v2\/media\/358563"}],"wp:attachment":[{"href":"https:\/\/www.europesays.com\/se\/wp-json\/wp\/v2\/media?parent=358562"}],"wp:term":[{"taxonomy":"category","embeddable":true,"href":"https:\/\/www.europesays.com\/se\/wp-json\/wp\/v2\/categories?post=358562"},{"taxonomy":"post_tag","embeddable":true,"href":"https:\/\/www.europesays.com\/se\/wp-json\/wp\/v2\/tags?post=358562"}],"curies":[{"name":"wp","href":"https:\/\/api.w.org\/{rel}","templated":true}]}}