{"id":358628,"date":"2026-08-31T04:54:12","date_gmt":"2026-08-31T04:54:12","guid":{"rendered":"https:\/\/www.europesays.com\/se\/358628\/"},"modified":"2026-08-31T04:54:12","modified_gmt":"2026-08-31T04:54:12","slug":"m-vill-porta-hotfulla-personer-fran-torgen","status":"publish","type":"post","link":"https:\/\/www.europesays.com\/se\/358628\/","title":{"rendered":"M vill porta hotfulla personer fr\u00e5n torgen"},"content":{"rendered":"<p>   <img alt=\"MUF-ordf\u00f6rande Douglas Thor, justitieminister Gunnar Str\u00f6mmer och Christofer Fjellner, oppositionsborgarr\u00e5d f\u00f6r Moderaterna Stockholms stad.\" class=\"_image_1jxax_84 layout-component layout-wide\" data-fullscreen- data-track-element-type=\"Article image fullscreen\" data-track-name=\"ImageFullscreen\" fetchpriority=\"high\" decoding=\"sync\" loading=\"eager\" height=\"5504\" itemprop=\"image\"  src=\"https:\/\/www.europesays.com\/se\/wp-content\/uploads\/2026\/08\/05ead8de-f35b-3dd7-8aa0-740c69e518e2.jpeg\"  style=\"object-position:0% 0%\" width=\"8256\"\/>MUF-ordf\u00f6rande Douglas Thor, justitieminister Gunnar Str\u00f6mmer och Christofer Fjellner, oppositionsborgarr\u00e5d f\u00f6r Moderaterna Stockholms stad.  Foto: Anders Wiklund\/TTVisa mer<\/p>\n<p class=\"_textTheme_4io5p_1 _lead_16k26_2 _lead_3ue4t_18 layout-component layout-normal layout-padded _lead_o6m9k_5 _leadTheme_cypwp_1 body-large bold\">Moderaterna vill utvidga tilltr\u00e4desf\u00f6rbudet till att g\u00e4lla \u00e4ven personer som agerar allm\u00e4nt hotfullt p\u00e5 offentliga platser.<\/p>\n<p class=\"_textTheme_4io5p_1 _paragraph_16k26_4 _paragraph_3ue4t_27 layout-component layout-normal layout-padded body-medium\">Moderaterna kallar sitt vall\u00f6fte f\u00f6r Trygghetsskapande omr\u00e5desf\u00f6rbud, d\u00e4r polisen f\u00e5r sk\u00e4rpta m\u00f6jligheter att ingripa mot personer som upptr\u00e4der hotfullt p\u00e5 gator och torg.<\/p>\n<p class=\"_textTheme_4io5p_1 _paragraph_16k26_4 _paragraph_3ue4t_27 layout-component layout-normal layout-padded body-medium\">F\u00f6rslaget kan ses som en f\u00f6rl\u00e4ngning av vistelsef\u00f6rbudet och ordningslagen, enligt justitieminister Gunnar Str\u00f6mmer.<\/p>\n<p class=\"_textTheme_4io5p_1 _paragraph_16k26_4 _paragraph_3ue4t_27 layout-component layout-normal layout-padded body-medium\">Polisen ska kunna utf\u00e4rda ett omr\u00e5desf\u00f6rbud i f\u00f6rslagsvis 30 dagar.<\/p>\n<p class=\"_textTheme_4io5p_1 _paragraph_16k26_4 _paragraph_3ue4t_27 layout-component layout-normal layout-padded body-medium\">Hur det i detalj ska fungera m\u00e5ste utredas, enligt Str\u00f6mmer, men det handlar om att komma \u00e5t ett \u201dantisocialt beteende\u201d.<\/p>\n<p class=\"_textTheme_4io5p_1 _paragraph_16k26_4 _paragraph_3ue4t_27 layout-component layout-normal layout-padded body-medium\">Ordningslagen finns redan, d\u00e4r polis kan skicka iv\u00e4g ordningsst\u00f6rande personer. Men det r\u00e4cker inte.<\/p>\n<p class=\"_textTheme_4io5p_1 _paragraph_16k26_4 _paragraph_3ue4t_27 layout-component layout-normal layout-padded body-medium\">\u2013 Det blir bara en l\u00f6sning f\u00f6r stunden, s\u00e4ger Str\u00f6mmer till TT.<\/p>\n","protected":false},"excerpt":{"rendered":"MUF-ordf\u00f6rande Douglas Thor, justitieminister Gunnar Str\u00f6mmer och Christofer Fjellner, oppositionsborgarr\u00e5d f\u00f6r Moderaterna Stockholms stad. Foto: Anders Wiklund\/TTVisa mer&hellip;\n","protected":false},"author":2,"featured_media":358629,"comment_status":"","ping_status":"","sticky":false,"template":"","format":"standard","meta":{"footnotes":"","_share_on_mastodon":"0"},"categories":[12],"tags":[22,23,26,27,17,21,24,25,28,29,551,15,16,18,34,31,33,32,30,19,20],"class_list":["post-358628","post","type-post","status-publish","format-standard","has-post-thumbnail","category-sverige","tag-breaking-news","tag-breakingnews","tag-featured-news","tag-featurednews","tag-headlines","tag-huvudnyheter","tag-latest-news","tag-latestnews","tag-main-news","tag-mainnews","tag-moderaterna","tag-news","tag-nyheter","tag-rubriker","tag-se","tag-svenska","tag-sverige","tag-sweden","tag-swedish","tag-top-stories","tag-topstories"],"share_on_mastodon":{"url":"https:\/\/pubeurope.com\/@se\/117188340866867017","error":""},"_links":{"self":[{"href":"https:\/\/www.europesays.com\/se\/wp-json\/wp\/v2\/posts\/358628","targetHints":{"allow":["GET"]}}],"collection":[{"href":"https:\/\/www.europesays.com\/se\/wp-json\/wp\/v2\/posts"}],"about":[{"href":"https:\/\/www.europesays.com\/se\/wp-json\/wp\/v2\/types\/post"}],"author":[{"embeddable":true,"href":"https:\/\/www.europesays.com\/se\/wp-json\/wp\/v2\/users\/2"}],"replies":[{"embeddable":true,"href":"https:\/\/www.europesays.com\/se\/wp-json\/wp\/v2\/comments?post=358628"}],"version-history":[{"count":0,"href":"https:\/\/www.europesays.com\/se\/wp-json\/wp\/v2\/posts\/358628\/revisions"}],"wp:featuredmedia":[{"embeddable":true,"href":"https:\/\/www.europesays.com\/se\/wp-json\/wp\/v2\/media\/358629"}],"wp:attachment":[{"href":"https:\/\/www.europesays.com\/se\/wp-json\/wp\/v2\/media?parent=358628"}],"wp:term":[{"taxonomy":"category","embeddable":true,"href":"https:\/\/www.europesays.com\/se\/wp-json\/wp\/v2\/categories?post=358628"},{"taxonomy":"post_tag","embeddable":true,"href":"https:\/\/www.europesays.com\/se\/wp-json\/wp\/v2\/tags?post=358628"}],"curies":[{"name":"wp","href":"https:\/\/api.w.org\/{rel}","templated":true}]}}