{"id":358748,"date":"2026-08-31T06:49:12","date_gmt":"2026-08-31T06:49:12","guid":{"rendered":"https:\/\/www.europesays.com\/se\/358748\/"},"modified":"2026-08-31T06:49:12","modified_gmt":"2026-08-31T06:49:12","slug":"open-ai-bryter-med-svenskkopplade-cursor","status":"publish","type":"post","link":"https:\/\/www.europesays.com\/se\/358748\/","title":{"rendered":"Open AI bryter med svenskkopplade Cursor"},"content":{"rendered":"<p>Open\u202fAI slutar att leverera sina AI-modeller till det svenskkopplade AI-bolaget Anyspheres kodverktyg Cursor, enligt ett pressmeddelande. Bakgrunden till Open AI:s beslut \u00e4r att Cursor nyligen k\u00f6ptes upp av Elon Musks Space\u202fX.<\/p>\n<p>I ett uttalande skriver Open AI att man baserat p\u00e5 tidigare erfarenheter inte litar p\u00e5 att Space\u202fX f\u00f6ljer uppsatta regler f\u00f6r hur f\u00f6retagets teknik f\u00e5r anv\u00e4ndas.<\/p>\n<p>Beskedet \u00e4r den senaste v\u00e4ndan i en l\u00e5ngvarig och infekterad konflikt mellan Musk och Open AI:s ledning.<\/p>\n<p>Anysphere medgrundades av svensken Arvid Lunnemark, som l\u00e4mnade bolaget 2025.<\/p>\n<p>Omni \u00e4r politiskt obundna och oberoende. Vi str\u00e4var efter att ge fler perspektiv p\u00e5 nyheterna. Har du fr\u00e5gor eller synpunkter kring v\u00e5r rapportering? <a href=\"https:\/\/omni.se\/open-ai-bryter-med-svenskkopplade-cursor\/a\/mailto:redaktion@omni.se\" class=\"ArticleActions-module-scss-module__w9u9BG__contactLink\" rel=\"nofollow noopener\" target=\"_blank\">Kontakta redaktionen<\/a><\/p>\n","protected":false},"excerpt":{"rendered":"Open\u202fAI slutar att leverera sina AI-modeller till det svenskkopplade AI-bolaget Anyspheres kodverktyg Cursor, enligt ett pressmeddelande. Bakgrunden till&hellip;\n","protected":false},"author":2,"featured_media":358749,"comment_status":"","ping_status":"","sticky":false,"template":"","format":"standard","meta":{"footnotes":"","_share_on_mastodon":"0"},"categories":[65],"tags":[12389,466,72,16101,333,70,71,704,334,464,34,5353,31,33,32,30],"class_list":["post-358748","post","type-post","status-publish","format-standard","has-post-thumbnail","category-ekonomi","tag-drafter","tag-artificiell-intelligens","tag-business","tag-cursor","tag-data","tag-economy","tag-ekonomi","tag-elon-musk","tag-it-hogteknologi","tag-open-ai","tag-se","tag-space-x","tag-svenska","tag-sverige","tag-sweden","tag-swedish"],"share_on_mastodon":{"url":"https:\/\/pubeurope.com\/@se\/117188792445429636","error":""},"_links":{"self":[{"href":"https:\/\/www.europesays.com\/se\/wp-json\/wp\/v2\/posts\/358748","targetHints":{"allow":["GET"]}}],"collection":[{"href":"https:\/\/www.europesays.com\/se\/wp-json\/wp\/v2\/posts"}],"about":[{"href":"https:\/\/www.europesays.com\/se\/wp-json\/wp\/v2\/types\/post"}],"author":[{"embeddable":true,"href":"https:\/\/www.europesays.com\/se\/wp-json\/wp\/v2\/users\/2"}],"replies":[{"embeddable":true,"href":"https:\/\/www.europesays.com\/se\/wp-json\/wp\/v2\/comments?post=358748"}],"version-history":[{"count":0,"href":"https:\/\/www.europesays.com\/se\/wp-json\/wp\/v2\/posts\/358748\/revisions"}],"wp:featuredmedia":[{"embeddable":true,"href":"https:\/\/www.europesays.com\/se\/wp-json\/wp\/v2\/media\/358749"}],"wp:attachment":[{"href":"https:\/\/www.europesays.com\/se\/wp-json\/wp\/v2\/media?parent=358748"}],"wp:term":[{"taxonomy":"category","embeddable":true,"href":"https:\/\/www.europesays.com\/se\/wp-json\/wp\/v2\/categories?post=358748"},{"taxonomy":"post_tag","embeddable":true,"href":"https:\/\/www.europesays.com\/se\/wp-json\/wp\/v2\/tags?post=358748"}],"curies":[{"name":"wp","href":"https:\/\/api.w.org\/{rel}","templated":true}]}}