{"id":358782,"date":"2026-08-31T07:18:20","date_gmt":"2026-08-31T07:18:20","guid":{"rendered":"https:\/\/www.europesays.com\/se\/358782\/"},"modified":"2026-08-31T07:18:20","modified_gmt":"2026-08-31T07:18:20","slug":"ai-fragan-nastan-osynlig-i-valrorelsen-det-ar-bisarrt","status":"publish","type":"post","link":"https:\/\/www.europesays.com\/se\/358782\/","title":{"rendered":"AI-fr\u00e5gan n\u00e4stan osynlig i valr\u00f6relsen: \u201dDet \u00e4r bisarrt\u201d"},"content":{"rendered":"<p>AI-fr\u00e5gan \u00e4r n\u00e4stan helt fr\u00e5nvarande i valr\u00f6relsen, trots att tekniken v\u00e4ntas f\u00f6r\u00e4ndra b\u00e5de arbetsmarknaden och ekonomin, skriver SvD N\u00e4ringsliv. Fyra riksdagspartier n\u00e4mner inte ens AI i sina valprogram.<\/p>\n<p>\u2013 Det \u00e4r bisarrt, s\u00e4ger Chalmersprofessorn Olle H\u00e4ggstr\u00f6m, som har startat enfr\u00e5gepartiet Reglera AI.<\/p>\n<p>Tidningen har fr\u00e5gat ut riksdagspartierna om deras syn p\u00e5 AI. M och SD vill \u00f6ka takten och st\u00e4rka Sveriges konkurrenskraft, medan V betonar riskerna. S och MP fokuserar bland annat p\u00e5 utbildning och omst\u00e4llning n\u00e4r AI f\u00f6r\u00e4ndrar arbetsmarknaden.<\/p>\n<p>Just nu uppl\u00e5st f\u00f6r alla<\/p>\n<p>Olyckskorparna varnar f\u00f6r att AI kan ta m\u00e5nga jobb \u2013 och den snabba utvecklingen har d\u00e4rf\u00f6r gett f\u00f6respr\u00e5karna av en basinkomst vatten p\u00e5 sin kvarn. Men politiskt tycks fr\u00e5gan vara stend\u00f6d.<\/p>\n<p>L\u00e4s vidare med Omni Mer<\/p>\n<p>Omni \u00e4r politiskt obundna och oberoende. Vi str\u00e4var efter att ge fler perspektiv p\u00e5 nyheterna. Har du fr\u00e5gor eller synpunkter kring v\u00e5r rapportering? <a href=\"https:\/\/omni.se\/ai-fragan-nastan-osynlig-i-valrorelsen-det-ar-bisarrt\/a\/mailto:redaktion@omni.se\" class=\"ArticleActions-module-scss-module__w9u9BG__contactLink\" rel=\"nofollow noopener\" target=\"_blank\">Kontakta redaktionen<\/a><\/p>\n","protected":false},"excerpt":{"rendered":"AI-fr\u00e5gan \u00e4r n\u00e4stan helt fr\u00e5nvarande i valr\u00f6relsen, trots att tekniken v\u00e4ntas f\u00f6r\u00e4ndra b\u00e5de arbetsmarknaden och ekonomin, skriver SvD&hellip;\n","protected":false},"author":2,"featured_media":358783,"comment_status":"","ping_status":"","sticky":false,"template":"","format":"standard","meta":{"footnotes":"","_share_on_mastodon":"0"},"categories":[12],"tags":[466,22,23,26,27,17,21,24,25,28,29,1234,551,15,16,369,18,34,1557,31,33,617,32,30,19,20,3416,1406],"class_list":["post-358782","post","type-post","status-publish","format-standard","has-post-thumbnail","category-sverige","tag-artificiell-intelligens","tag-breaking-news","tag-breakingnews","tag-featured-news","tag-featurednews","tag-headlines","tag-huvudnyheter","tag-latest-news","tag-latestnews","tag-main-news","tag-mainnews","tag-miljopartiet","tag-moderaterna","tag-news","tag-nyheter","tag-politik","tag-rubriker","tag-se","tag-socialdemokraterna","tag-svenska","tag-sverige","tag-sverigedemokraterna","tag-sweden","tag-swedish","tag-top-stories","tag-topstories","tag-valet-2026","tag-vansterpartiet"],"share_on_mastodon":{"url":"https:\/\/pubeurope.com\/@se\/117188906555762639","error":""},"_links":{"self":[{"href":"https:\/\/www.europesays.com\/se\/wp-json\/wp\/v2\/posts\/358782","targetHints":{"allow":["GET"]}}],"collection":[{"href":"https:\/\/www.europesays.com\/se\/wp-json\/wp\/v2\/posts"}],"about":[{"href":"https:\/\/www.europesays.com\/se\/wp-json\/wp\/v2\/types\/post"}],"author":[{"embeddable":true,"href":"https:\/\/www.europesays.com\/se\/wp-json\/wp\/v2\/users\/2"}],"replies":[{"embeddable":true,"href":"https:\/\/www.europesays.com\/se\/wp-json\/wp\/v2\/comments?post=358782"}],"version-history":[{"count":0,"href":"https:\/\/www.europesays.com\/se\/wp-json\/wp\/v2\/posts\/358782\/revisions"}],"wp:featuredmedia":[{"embeddable":true,"href":"https:\/\/www.europesays.com\/se\/wp-json\/wp\/v2\/media\/358783"}],"wp:attachment":[{"href":"https:\/\/www.europesays.com\/se\/wp-json\/wp\/v2\/media?parent=358782"}],"wp:term":[{"taxonomy":"category","embeddable":true,"href":"https:\/\/www.europesays.com\/se\/wp-json\/wp\/v2\/categories?post=358782"},{"taxonomy":"post_tag","embeddable":true,"href":"https:\/\/www.europesays.com\/se\/wp-json\/wp\/v2\/tags?post=358782"}],"curies":[{"name":"wp","href":"https:\/\/api.w.org\/{rel}","templated":true}]}}