{"id":358794,"date":"2026-08-31T07:27:19","date_gmt":"2026-08-31T07:27:19","guid":{"rendered":"https:\/\/www.europesays.com\/se\/358794\/"},"modified":"2026-08-31T07:27:19","modified_gmt":"2026-08-31T07:27:19","slug":"med-fregatter-sakrar-vi-ostersjoregionen","status":"publish","type":"post","link":"https:\/\/www.europesays.com\/se\/358794\/","title":{"rendered":"Med fregatter s\u00e4krar vi \u00d6stersj\u00f6regionen"},"content":{"rendered":"<p>  <img alt=\"En bild p\u00e5 den franska fregatten Amiral Ronarc\u2019h som \u00e4r av samma typ som den Sverige valt \u2013 FDI, Fr\u00e9gate de D\u00e9fense et d\u2019Intervention.\" class=\"_image_1jxax_84 layout-component layout-wide\" data-fullscreen- data-track-element-type=\"Article image fullscreen\" data-track-name=\"ImageFullscreen\" fetchpriority=\"high\" decoding=\"sync\" loading=\"eager\" height=\"1997\" itemprop=\"image\"  src=\"https:\/\/www.europesays.com\/se\/wp-content\/uploads\/2026\/08\/254169b4-9610-3185-9b12-6132233d8308.jpeg\"  style=\"object-position:0% 0%\" width=\"3000\"\/>En bild p\u00e5 den franska fregatten Amiral Ronarc\u2019h som \u00e4r av samma typ som den Sverige valt \u2013 FDI, Fr\u00e9gate de D\u00e9fense et d\u2019Intervention.  Foto: FDIVisa mer<\/p>\n<p class=\"_textTheme_zldsx_1 _lead_16k26_2 _lead_3ue4t_18 layout-component layout-normal layout-padded _lead_o6m9k_5 _leadTheme_1q6sv_1 body-large bold\">Framtidens marin \u00e4r obemannad d\u00e4r det g\u00e5r \u2013 och bemannad d\u00e4r det kr\u00e4vs. Fregatterna som Sverige k\u00f6per blir ett starkt tillskott f\u00f6r att bygga morgondagens marin, skriver F\u00f6rsvarsmaktens marinchef. <\/p>\n<p class=\"_textTheme_zldsx_1 _paragraph_16k26_4 _paragraph_3ue4t_27 layout-component layout-normal\">Det h\u00e4r \u00e4r en argumenterande text med syfte att p\u00e5verka. \u00c5sikterna som uttrycks \u00e4r skribentens egna.<\/p>\n<p>     DEBATT | F\u00d6RSVARS\u00adPOLITIK <\/p>\n<p class=\"_textTheme_zldsx_1 _paragraph_16k26_4 _paragraph_3ue4t_27 layout-component layout-normal layout-padded body-medium\"><strong class=\"_strong_16k26_20\">N\u00e4r Sverige p\u00e5 idag<\/strong> tecknar ett historiskt avtal om att k\u00f6pa fyra franska fregatter sker det i ett mycket f\u00f6rs\u00e4mrat omv\u00e4rldsl\u00e4ge. Sedan Sverige blev allierad i Nato f\u00f6r\u00e4ndrades marinens uppgift radikalt. Fr\u00e5n att tidigare endast f\u00f6rsvara Sverige mot en angripare ska vi nu ist\u00e4llet ha operativ kontroll i \u00d6stersj\u00f6regionen och dess inlopp. Det inneb\u00e4r att marinen numera ska s\u00e4kerst\u00e4lla att viktig sj\u00f6fart kan n\u00e5 oss och v\u00e5ra allierade, exempelvis Finland och de baltiska staterna. Detta \u00e4r en mycket stor skillnad i ambitionsniv\u00e5 fr\u00e5n tidigare. <\/p>\n<p class=\"_textTheme_zldsx_1 _paragraph_16k26_4 _paragraph_3ue4t_27 layout-component layout-normal layout-padded body-medium\">Nya operativa uppgifter kr\u00e4ver ett mer kvalificerat luftf\u00f6rsvar som kan hantera allt fr\u00e5n dr\u00f6nare till ballistiska robotar. Fregatterna kommer att ge marinen m\u00f6jlighet att f\u00f6rsvara Sverige, den f\u00f6r oss och v\u00e5ra allierade viktiga sj\u00f6farten samt milit\u00e4ra f\u00f6rst\u00e4rkningstransporter om s\u00e5 kr\u00e4vs. Fregatter \u00e4r tillr\u00e4ckligt stora f\u00f6r att b\u00e4ra de vapen och sensorer som kr\u00e4vs. De har med sin storlek m\u00f6jlighet att l\u00f6sa sina uppgifter under l\u00e4ngre perioder, inte bara i \u00d6stersj\u00f6n, Nordsj\u00f6n eller Nordatlanten. Som allierad kommer Sverige ocks\u00e5 att kunna bidra till maritim s\u00e4kerhet utanf\u00f6r v\u00e5rt direkta n\u00e4romr\u00e5de.<\/p>\n<p class=\"_textTheme_zldsx_1 _paragraph_16k26_4 _paragraph_3ue4t_27 layout-component layout-normal layout-padded body-medium\"><strong class=\"_strong_16k26_20\">Ibland framf\u00f6rs \u00e5sikten<\/strong> att vi ist\u00e4llet enbart b\u00f6r satsa p\u00e5 dr\u00f6nare. F\u00f6r n\u00e5gra veckor sedan bes\u00f6kte jag min ukrainska marinchefskollega och diskuterade bland annat den ukrainska marina utvecklingen. Idag anv\u00e4nder Ukraina i huvudsak dr\u00f6nare f\u00f6r att de saknar andra f\u00f6rm\u00e5gor. De har n\u00e5tt framg\u00e5ng med att f\u00f6rhindra Ryssland att nyttja delar av Svarta havet f\u00f6r sina syften, men har sv\u00e5rare att s\u00e4kerst\u00e4lla skyddet av sin egna sj\u00f6fart d\u00e4r. Ukraina har d\u00e4rf\u00f6r ocks\u00e5 best\u00e4llt st\u00f6rre korvetter som byggs i Turkiet. Dessa ser man som helt n\u00f6dv\u00e4ndiga f\u00f6r att kontrollera havsomr\u00e5den och skydda sina spannm\u00e5lstransporter i framtiden.\u00a0<\/p>\n<p class=\"_textTheme_zldsx_1 _paragraph_16k26_4 _paragraph_3ue4t_27 layout-component layout-normal layout-padded body-medium\">Samtidigt som Sverige k\u00f6per nya fregatter p\u00e5g\u00e5r utvecklingen av obemannade farkoster i h\u00f6gt tempo. Marinen f\u00f6ljer och tar aktiv del i den, inte minst genom v\u00e5rt n\u00e4ra samarbete med Ukraina. Med v\u00e5ra allierade utvecklar vi obemannade system, som bland annat har lett fram till en obemannad sj\u00f6styrka f\u00f6r att f\u00f6rst\u00e4rka sj\u00f6\u00f6vervakningsoperationen i \u00d6stersj\u00f6n. Dr\u00f6nare tillh\u00f6r framtiden och i nul\u00e4get kr\u00e4vs en kombination av bemannade fartyg och obemannade farkoster f\u00f6r att hantera hoten i den marina dom\u00e4nen. H\u00e4r blir fregatterna ett starkt tillskott f\u00f6r att bygga morgondagens marin.\u00a0<\/p>\n<p class=\"_textTheme_zldsx_1 _paragraph_16k26_4 _paragraph_3ue4t_27 layout-component layout-normal layout-padded body-medium\"><strong class=\"_strong_16k26_20\">De krig och konflikter <\/strong>som p\u00e5g\u00e5r i v\u00e5r omv\u00e4rld har tydligt p\u00e5visat behovet av luftf\u00f6rsvar. F\u00f6rsvaret av Sverige och v\u00e5ra allierade kr\u00e4ver detta, vilket fregatterna nu ger oss. Fartygen har n\u00e5gra av de mest avancerade och effektiva systemen i v\u00e4rlden f\u00f6r att hantera hotet fr\u00e5n luften. De \u00e4r designade f\u00f6r att befinna sig i omr\u00e5den, d\u00e4r olika vapensystem kan angripa dem. Kunskapen och f\u00f6rm\u00e5gan till avancerat luftf\u00f6rsvar byggs kontinuerligt upp inom marinen. Erfarenheterna fr\u00e5n R\u00f6da havet d\u00e4r Iranst\u00f6dda Houthi-rebeller skickat allt fr\u00e5n dr\u00f6narsv\u00e4rmar till ballistiska robotar mot v\u00e4sterl\u00e4ndska fartyg visar att moderna fartyg med v\u00e4lutbildade bes\u00e4ttningar hanterar hotet. <\/p>\n<p class=\"_textTheme_zldsx_1 _paragraph_16k26_4 _paragraph_3ue4t_27 layout-component layout-normal layout-padded body-medium\">Sverige k\u00f6per fyra fregatter f\u00f6r att kunna ta ett st\u00f6rre ansvar. \u00d6stersj\u00f6n \u00e4r Sveriges n\u00e4romr\u00e5de, men ocks\u00e5 ett gemensamt hav f\u00f6r v\u00e5ra allierade. Uppgiften att skydda sj\u00f6fart, m\u00f6ta kvalificerade hot och h\u00e5lla havsomr\u00e5den \u00f6ppna \u2013 i fred, kris och krig, i alla v\u00e4der \u2013 kr\u00e4ver fartyg som kan vara n\u00e4rvarande och g\u00f6ra jobbet. Framtidens marin \u00e4r obemannad d\u00e4r det g\u00e5r \u2013 och bemannad d\u00e4r det kr\u00e4vs. F\u00f6r att l\u00f6sa Marinens f\u00f6r\u00e4ndrade uppgift att, under l\u00e5ng tid och oavsett v\u00e4der, skydda \u00d6stersj\u00f6regionen kr\u00e4ver n\u00e5got nytt. H\u00e4r \u00e4r fregatter \u2013 med egna dr\u00f6nare \u2013 en stor del av l\u00f6sningen.<\/p>\n<p class=\"_textTheme_zldsx_1 _paragraph_16k26_4 _paragraph_3ue4t_27 layout-component layout-normal layout-padded body-medium\">Det skapar milit\u00e4r f\u00f6rm\u00e5ga som avskr\u00e4cker krig men, om det v\u00e4rsta skulle intr\u00e4ffa, \u00e4ven kan vinna det.<\/p>\n<p>   <img alt=\"\" class=\"_image_1jxax_84 layout-component layout-normal\" data-fullscreen- data-track-element-type=\"Article image fullscreen\" data-track-name=\"ImageFullscreen\" decoding=\"async\" loading=\"lazy\" height=\"2492\" itemprop=\"image\"  src=\"https:\/\/www.europesays.com\/se\/wp-content\/uploads\/2026\/08\/7fd3f87e-0d18-3c17-9777-ad4d5802873f.jpeg\"  style=\"object-position:50% 50%\" width=\"3144\"\/>    <\/p>\n<p class=\"_textTheme_zldsx_1 _paragraph_16k26_4 _paragraph_3ue4t_27 layout-component layout-normal layout-padded body-medium\"><strong class=\"_strong_16k26_20\">Johan Norl\u00e9n<\/strong><br \/>marinchef, F\u00f6rsvarsmakten<\/p>\n","protected":false},"excerpt":{"rendered":"En bild p\u00e5 den franska fregatten Amiral Ronarc\u2019h som \u00e4r av samma typ som den Sverige valt \u2013&hellip;\n","protected":false},"author":2,"featured_media":358795,"comment_status":"","ping_status":"","sticky":false,"template":"","format":"standard","meta":{"footnotes":"","_share_on_mastodon":"0"},"categories":[5],"tags":[22,23,26,27,380,17,21,24,25,28,29,999,15,16,1647,18,34,31,33,32,30,19,20],"class_list":["post-358794","post","type-post","status-publish","format-standard","has-post-thumbnail","category-rubriker","tag-breaking-news","tag-breakingnews","tag-featured-news","tag-featurednews","tag-forsvarsmakten","tag-headlines","tag-huvudnyheter","tag-latest-news","tag-latestnews","tag-main-news","tag-mainnews","tag-nato","tag-news","tag-nyheter","tag-ostersjon","tag-rubriker","tag-se","tag-svenska","tag-sverige","tag-sweden","tag-swedish","tag-top-stories","tag-topstories"],"share_on_mastodon":{"url":"https:\/\/pubeurope.com\/@se\/117188942645006482","error":""},"_links":{"self":[{"href":"https:\/\/www.europesays.com\/se\/wp-json\/wp\/v2\/posts\/358794","targetHints":{"allow":["GET"]}}],"collection":[{"href":"https:\/\/www.europesays.com\/se\/wp-json\/wp\/v2\/posts"}],"about":[{"href":"https:\/\/www.europesays.com\/se\/wp-json\/wp\/v2\/types\/post"}],"author":[{"embeddable":true,"href":"https:\/\/www.europesays.com\/se\/wp-json\/wp\/v2\/users\/2"}],"replies":[{"embeddable":true,"href":"https:\/\/www.europesays.com\/se\/wp-json\/wp\/v2\/comments?post=358794"}],"version-history":[{"count":0,"href":"https:\/\/www.europesays.com\/se\/wp-json\/wp\/v2\/posts\/358794\/revisions"}],"wp:featuredmedia":[{"embeddable":true,"href":"https:\/\/www.europesays.com\/se\/wp-json\/wp\/v2\/media\/358795"}],"wp:attachment":[{"href":"https:\/\/www.europesays.com\/se\/wp-json\/wp\/v2\/media?parent=358794"}],"wp:term":[{"taxonomy":"category","embeddable":true,"href":"https:\/\/www.europesays.com\/se\/wp-json\/wp\/v2\/categories?post=358794"},{"taxonomy":"post_tag","embeddable":true,"href":"https:\/\/www.europesays.com\/se\/wp-json\/wp\/v2\/tags?post=358794"}],"curies":[{"name":"wp","href":"https:\/\/api.w.org\/{rel}","templated":true}]}}