{"id":358924,"date":"2026-08-31T09:00:11","date_gmt":"2026-08-31T09:00:11","guid":{"rendered":"https:\/\/www.europesays.com\/se\/358924\/"},"modified":"2026-08-31T09:00:11","modified_gmt":"2026-08-31T09:00:11","slug":"vaccin-fran-65-senioren","status":"publish","type":"post","link":"https:\/\/www.europesays.com\/se\/358924\/","title":{"rendered":"Vaccin fr\u00e5n 65 &#8211; Senioren"},"content":{"rendered":"<p>\nF\u00f6dd 1961 eller senare? D\u00e5 kan du f\u00e5 gratis vaccin mot pneumokocker. Vaccinet ges som en spruta, oftast i \u00f6verarmen.<br \/>\nFoto: Getty Images\t\t\t\t\t\t\t\t\t\t\t<\/p>\n<p class=\"ingress\">\nNu s\u00e4nks \u00e5ldern f\u00f6r pneumokockvaccination. Det inneb\u00e4r att vaccination ska erbjudas gratis till alla det \u00e5r de fyller 65 \u00e5r i st\u00e4llet f\u00f6r 75 \u00e5r.<\/p>\n<p>\nAnnika H\u00e4llqvist<\/p>\n<p>\nPublicerad 2026-08-31<\/p>\n<p>Fr\u00e5n och med den 1 september s\u00e4nks \u00e5ldern f\u00f6r att bli erbjuden gratis vaccin mot pneumokocker.<\/p>\n<p>Pneumokocker \u00e4r bakterier som kan orsaka luftv\u00e4gsinfektioner som lunginflammation, \u00f6roninflammation och bih\u00e5leinflammation. De allvarligaste sjukdomarna orsakade av pneumokocker kan ge hj\u00e4rnhinneinflammation och blodf\u00f6rgiftning.<\/p>\n<p>Barn under tv\u00e5 \u00e5r och personer \u00f6ver 65 drabbas oftare. Barn och riskgrupper med vissa sjukdomar erbjuds vaccinet. Vaccinet har ocks\u00e5 tidigare erbjudits till personer det \u00e5r de fyller 75. Den gr\u00e4nsen s\u00e4nks allts\u00e5 nu med tio \u00e5r.<br \/>\u2013 Det h\u00e4r \u00e4r en viktig satsning f\u00f6r att r\u00e4dda liv och f\u00f6rebygga allvarlig sjukdom. Genom att erbjuda kostnadsfri vaccination till alla \u00f6ver 65 \u00e5r kan vi skydda fler i riskgrupp och se till att alla \u00e4ldre f\u00e5r samma m\u00f6jlighet till skydd i hela landet, s\u00e4ger socialminister Jakob Forssmed i ett pressmeddelande.<\/p>\n<p>Vaccinerar ikapp<\/p>\n<p>Det nationella vaccinationsprogrammet g\u00e4ller nu nya \u00e5rskullar. F\u00f6r att \u00e4ven personer som redan \u00e4r 65 \u00e5r eller \u00e4ldre ska f\u00e5 vaccin genomf\u00f6rs d\u00e4rf\u00f6r en s\u00e4rskild ikappvaccinationsinsats. Regeringen har tecknat en \u00f6verenskommelse med Sveriges Kommuner och Regioner (SKR) om att vaccinationen ska genomf\u00f6ras med statlig finansiering.<br \/>\u2013 Pneumokocker orsakar allvarliga luftv\u00e4gsinfektioner varje \u00e5r, inte minst hos riskgrupper som \u00e4ldre, n\u00e5got som blivit vanligare sedan covid-pandemin. S\u00e5 det \u00e4r v\u00e4ldigt positivt att regionerna i och med den h\u00e4r \u00f6verenskommelsen kan ut\u00f6ka vaccinskyddet till att omfatta fler \u00e4ldre, b\u00e5de f\u00f6r patienterna som skyddas och v\u00e5rden som avlastas n\u00e4r f\u00e4rre insjuknar, s\u00e4ger Anna-Lena Hogerud, ordf\u00f6rande i SKR:s sjukv\u00e5rdsdelegation.<\/p>\n<p>Vaccinationerna planeras att p\u00e5b\u00f6rjas under h\u00f6sten 2026. M\u00e5ls\u00e4ttningen \u00e4r att alla \u00f6ver 65 \u00e5r ska ha erbjudits vaccination senast augusti 2029.<\/p>\n<p>\nAnnika H\u00e4llqvist<\/p>\n<p>\nPublicerad 2026-08-31<\/p>\n","protected":false},"excerpt":{"rendered":"F\u00f6dd 1961 eller senare? D\u00e5 kan du f\u00e5 gratis vaccin mot pneumokocker. Vaccinet ges som en spruta, oftast&hellip;\n","protected":false},"author":2,"featured_media":358925,"comment_status":"","ping_status":"","sticky":false,"template":"","format":"standard","meta":{"footnotes":"","_share_on_mastodon":"0"},"categories":[69],"tags":[113,112,34,31,33,32,30],"class_list":["post-358924","post","type-post","status-publish","format-standard","has-post-thumbnail","category-halsa","tag-halsa","tag-health","tag-se","tag-svenska","tag-sverige","tag-sweden","tag-swedish"],"share_on_mastodon":{"url":"https:\/\/pubeurope.com\/@se\/117189307626769374","error":""},"_links":{"self":[{"href":"https:\/\/www.europesays.com\/se\/wp-json\/wp\/v2\/posts\/358924","targetHints":{"allow":["GET"]}}],"collection":[{"href":"https:\/\/www.europesays.com\/se\/wp-json\/wp\/v2\/posts"}],"about":[{"href":"https:\/\/www.europesays.com\/se\/wp-json\/wp\/v2\/types\/post"}],"author":[{"embeddable":true,"href":"https:\/\/www.europesays.com\/se\/wp-json\/wp\/v2\/users\/2"}],"replies":[{"embeddable":true,"href":"https:\/\/www.europesays.com\/se\/wp-json\/wp\/v2\/comments?post=358924"}],"version-history":[{"count":0,"href":"https:\/\/www.europesays.com\/se\/wp-json\/wp\/v2\/posts\/358924\/revisions"}],"wp:featuredmedia":[{"embeddable":true,"href":"https:\/\/www.europesays.com\/se\/wp-json\/wp\/v2\/media\/358925"}],"wp:attachment":[{"href":"https:\/\/www.europesays.com\/se\/wp-json\/wp\/v2\/media?parent=358924"}],"wp:term":[{"taxonomy":"category","embeddable":true,"href":"https:\/\/www.europesays.com\/se\/wp-json\/wp\/v2\/categories?post=358924"},{"taxonomy":"post_tag","embeddable":true,"href":"https:\/\/www.europesays.com\/se\/wp-json\/wp\/v2\/tags?post=358924"}],"curies":[{"name":"wp","href":"https:\/\/api.w.org\/{rel}","templated":true}]}}