{"id":358934,"date":"2026-08-31T09:07:20","date_gmt":"2026-08-31T09:07:20","guid":{"rendered":"https:\/\/www.europesays.com\/se\/358934\/"},"modified":"2026-08-31T09:07:20","modified_gmt":"2026-08-31T09:07:20","slug":"lettlands-utrikesminister-stryp-rysslands-formaga-att-tillverka-ballistiska-robotar","status":"publish","type":"post","link":"https:\/\/www.europesays.com\/se\/358934\/","title":{"rendered":"Lettlands utrikesminister: \u201dStryp Rysslands f\u00f6rm\u00e5ga att tillverka ballistiska robotar\u201d"},"content":{"rendered":"<p>  <img alt=\"\" class=\"_image_1jxax_84 layout-component layout-wide\" data-fullscreen- data-track-element-type=\"Article image fullscreen\" data-track-name=\"ImageFullscreen\" fetchpriority=\"high\" decoding=\"sync\" loading=\"eager\" height=\"5152\" itemprop=\"image\"  src=\"https:\/\/www.europesays.com\/se\/wp-content\/uploads\/2026\/08\/4d3f8d73-5592-371d-8f8e-877134c79cf9.jpeg\"  style=\"object-position:55.48654244306418% 45.49689440993789%\" width=\"7728\"\/><\/p>\n<p class=\"_textTheme_zldsx_1 _lead_16k26_2 _lead_3ue4t_18 layout-component layout-normal layout-padded _lead_o6m9k_5 _leadTheme_1q6sv_1 body-large bold\">Stryp Rysslands f\u00f6rm\u00e5ga att tillverka ballistiska robotar och inf\u00f6r sanktioner mot de f\u00f6retag som hj\u00e4lper dem. \u201dVi vet vilka f\u00f6retag det \u00e4r, nu kr\u00e4vs snabba sanktioner\u201d, s\u00e4ger Lettlands utrikesminister Baiba Bra\u017ee. <\/p>\n<p><a class=\"_link_1lr5y_108\" href=\"https:\/\/www.svd.se\/av\/therese-larsson-hultin\" title=\"Therese Larsson Hultin\" rel=\"nofollow noopener\" target=\"_blank\"><img alt=\"Bild av Therese Larsson Hultin\" class=\"_image_1lr5y_85\" fetchpriority=\"low\" decoding=\"async\" itemprop=\"image\" loading=\"lazy\"  src=\"https:\/\/www.europesays.com\/se\/wp-content\/uploads\/2026\/08\/1788167240_284_1fa2d7fb-7a53-4b6d-8a6e-eee70f792015.png\"  width=\"480\"\/><\/a>          <\/p>\n<p class=\"_textTheme_zldsx_1 _paragraph_16k26_4 _paragraph_3ue4t_27 layout-component layout-normal layout-padded body-medium\">Det \u00e4r bara ett par veckor sedan Baiba Bra\u017ee kom tillbaka fr\u00e5n Ukraina. Den lettiska utrikesministern var i Kiev under det stora ryska flyganfallet 4\u20135 augusti och tillbringade som s\u00e5 m\u00e5nga andra delar av natten i ett skyddsrum. En attack d\u00e5 <a href=\"https:\/\/ukraine.ohchr.org\/en\/node\/572?utm_source=chatgpt.com\" class=\"_link_16k26_32\" rel=\"nofollow noopener\" target=\"_blank\">\u00e5tminstone<\/a> 17 civila d\u00f6dades, och d\u00e5 det blev uppenbart att Ukraina saknade luftv\u00e4rnsrobotar f\u00f6r att skjuta ner alla dr\u00f6nare och ballistiska robotar som slog mot staden.<\/p>\n<p class=\"_textTheme_zldsx_1 _paragraph_16k26_4 _paragraph_3ue4t_27 layout-component layout-normal layout-padded body-medium\">\u2013\u00a0Ryssarna kan d\u00f6da m\u00e4nniskor, sl\u00e5 ut infrastruktur och f\u00f6rst\u00f6ra hus, men de kan inte d\u00f6da ukrainarnas frihetsvilja, s\u00e4ger Baiba Bra\u017ee som likt andra baltiska politiker har gjort sig k\u00e4nd som en frispr\u00e5kig och tung Rysslandskritiker.<\/p>\n","protected":false},"excerpt":{"rendered":"Stryp Rysslands f\u00f6rm\u00e5ga att tillverka ballistiska robotar och inf\u00f6r sanktioner mot de f\u00f6retag som hj\u00e4lper dem. \u201dVi vet&hellip;\n","protected":false},"author":2,"featured_media":358935,"comment_status":"","ping_status":"","sticky":false,"template":"","format":"standard","meta":{"footnotes":"","_share_on_mastodon":"0"},"categories":[5],"tags":[22,23,3505,26,27,17,21,24,25,11513,28,29,999,15,16,18,264,34,22712,31,33,32,30,19,20],"class_list":["post-358934","post","type-post","status-publish","format-standard","has-post-thumbnail","category-rubriker","tag-breaking-news","tag-breakingnews","tag-dronare","tag-featured-news","tag-featurednews","tag-headlines","tag-huvudnyheter","tag-latest-news","tag-latestnews","tag-lettland","tag-main-news","tag-mainnews","tag-nato","tag-news","tag-nyheter","tag-rubriker","tag-ryssland","tag-se","tag-svd-fokus-utrikes","tag-svenska","tag-sverige","tag-sweden","tag-swedish","tag-top-stories","tag-topstories"],"share_on_mastodon":{"url":"https:\/\/pubeurope.com\/@se\/117189335943184687","error":""},"_links":{"self":[{"href":"https:\/\/www.europesays.com\/se\/wp-json\/wp\/v2\/posts\/358934","targetHints":{"allow":["GET"]}}],"collection":[{"href":"https:\/\/www.europesays.com\/se\/wp-json\/wp\/v2\/posts"}],"about":[{"href":"https:\/\/www.europesays.com\/se\/wp-json\/wp\/v2\/types\/post"}],"author":[{"embeddable":true,"href":"https:\/\/www.europesays.com\/se\/wp-json\/wp\/v2\/users\/2"}],"replies":[{"embeddable":true,"href":"https:\/\/www.europesays.com\/se\/wp-json\/wp\/v2\/comments?post=358934"}],"version-history":[{"count":0,"href":"https:\/\/www.europesays.com\/se\/wp-json\/wp\/v2\/posts\/358934\/revisions"}],"wp:featuredmedia":[{"embeddable":true,"href":"https:\/\/www.europesays.com\/se\/wp-json\/wp\/v2\/media\/358935"}],"wp:attachment":[{"href":"https:\/\/www.europesays.com\/se\/wp-json\/wp\/v2\/media?parent=358934"}],"wp:term":[{"taxonomy":"category","embeddable":true,"href":"https:\/\/www.europesays.com\/se\/wp-json\/wp\/v2\/categories?post=358934"},{"taxonomy":"post_tag","embeddable":true,"href":"https:\/\/www.europesays.com\/se\/wp-json\/wp\/v2\/tags?post=358934"}],"curies":[{"name":"wp","href":"https:\/\/api.w.org\/{rel}","templated":true}]}}