{"id":358946,"date":"2026-08-31T09:16:10","date_gmt":"2026-08-31T09:16:10","guid":{"rendered":"https:\/\/www.europesays.com\/se\/358946\/"},"modified":"2026-08-31T09:16:10","modified_gmt":"2026-08-31T09:16:10","slug":"hypotyreos-symtom-och-behandling-med-levaxin-och-euthyrox","status":"publish","type":"post","link":"https:\/\/www.europesays.com\/se\/358946\/","title":{"rendered":"Hypotyreos symtom och behandling med Levaxin och Euthyrox"},"content":{"rendered":"<p>Uppdaterad 31 aug 2026 kl 11.11Publicerad 31 aug 2026 kl 11.00<\/p>\n<p>PremiumMisst\u00e4nker du att din sk\u00f6ldk\u00f6rtel sp\u00f6kar?<\/p>\n<p>Eller har du f\u00e5tt diagnosen hypotyreos, men har sv\u00e5rt att f\u00e5 till r\u00e4tt l\u00e4kemedel och behandlingsdos?<\/p>\n<p>\u2013 Det \u00e4r viktigt att hitta r\u00e4tt dos f\u00f6r att m\u00e5 bra, s\u00e4ger Mona Landin-Olsson, professor i endokrinologi.<\/p>\n<p>H\u00e4r \u00e4r 7 fr\u00e5gor och svar.\u00a0<\/p>\n<p><a href=\"https:\/\/www.expressen.se\/premium\/halsa\/\" rel=\"nofollow noopener\" target=\"_blank\">H\u00e4r hittar du mer om medicin, h\u00e4lsa och forskning!<\/a>\u00a0<\/p>\n<p><img   alt=\"\"\/><\/p>\n<p>Misst\u00e4nker du hypotyreos? Professor Mona Landin-Olsson reder ut symtom, diagnos, l\u00e4kemedel och behandlingsdos.<\/p>\n<p>Foto: ALBINA GLISIC \/ ADOBE STOCK<\/p>\n<p>\u00d6ppna bild i helsk\u00e4rm<\/p>\n","protected":false},"excerpt":{"rendered":"Uppdaterad 31 aug 2026 kl 11.11Publicerad 31 aug 2026 kl 11.00 PremiumMisst\u00e4nker du att din sk\u00f6ldk\u00f6rtel sp\u00f6kar? Eller&hellip;\n","protected":false},"author":2,"featured_media":358947,"comment_status":"","ping_status":"","sticky":false,"template":"","format":"standard","meta":{"footnotes":"","_share_on_mastodon":"0"},"categories":[69],"tags":[113,112,2741,724,103,34,2298,5690,31,33,32,30],"class_list":["post-358946","post","type-post","status-publish","format-standard","has-post-thumbnail","category-halsa","tag-halsa","tag-health","tag-lakemedel","tag-lunds-universitet","tag-premium","tag-se","tag-sjukvard","tag-skanes-universitetssjukhus","tag-svenska","tag-sverige","tag-sweden","tag-swedish"],"share_on_mastodon":{"url":"https:\/\/pubeurope.com\/@se\/117189370771232703","error":""},"_links":{"self":[{"href":"https:\/\/www.europesays.com\/se\/wp-json\/wp\/v2\/posts\/358946","targetHints":{"allow":["GET"]}}],"collection":[{"href":"https:\/\/www.europesays.com\/se\/wp-json\/wp\/v2\/posts"}],"about":[{"href":"https:\/\/www.europesays.com\/se\/wp-json\/wp\/v2\/types\/post"}],"author":[{"embeddable":true,"href":"https:\/\/www.europesays.com\/se\/wp-json\/wp\/v2\/users\/2"}],"replies":[{"embeddable":true,"href":"https:\/\/www.europesays.com\/se\/wp-json\/wp\/v2\/comments?post=358946"}],"version-history":[{"count":0,"href":"https:\/\/www.europesays.com\/se\/wp-json\/wp\/v2\/posts\/358946\/revisions"}],"wp:featuredmedia":[{"embeddable":true,"href":"https:\/\/www.europesays.com\/se\/wp-json\/wp\/v2\/media\/358947"}],"wp:attachment":[{"href":"https:\/\/www.europesays.com\/se\/wp-json\/wp\/v2\/media?parent=358946"}],"wp:term":[{"taxonomy":"category","embeddable":true,"href":"https:\/\/www.europesays.com\/se\/wp-json\/wp\/v2\/categories?post=358946"},{"taxonomy":"post_tag","embeddable":true,"href":"https:\/\/www.europesays.com\/se\/wp-json\/wp\/v2\/tags?post=358946"}],"curies":[{"name":"wp","href":"https:\/\/api.w.org\/{rel}","templated":true}]}}