{"id":359080,"date":"2026-08-31T11:03:10","date_gmt":"2026-08-31T11:03:10","guid":{"rendered":"https:\/\/www.europesays.com\/se\/359080\/"},"modified":"2026-08-31T11:03:10","modified_gmt":"2026-08-31T11:03:10","slug":"risk-att-man-inte-far-hjalp-dietist-vill-se-riktlinjer-for-arfidpatienter","status":"publish","type":"post","link":"https:\/\/www.europesays.com\/se\/359080\/","title":{"rendered":"\u201dRisk att man inte f\u00e5r hj\u00e4lp\u201d dietist vill se riktlinjer f\u00f6r arfidpatienter"},"content":{"rendered":"<p>\u201dLever med det dygnet runt sen jag var 19 \u00e4r 35 nu. Ingen behandling, ingen KBT, inga mediciner har hj\u00e4lpt. Det \u00e4r fruktansv\u00e4rt att leva med tsm med panik\u00e5ngestattacker\u201d<\/p>\n<p>\u201dDetta lider jag av i perioder och det \u00e4r s\u00e5 fruktansv\u00e4rt!\u201d<\/p>\n<p>Det \u00e4r exempel p\u00e5 kommentarer efter reportaget i SVTs social medier. Andra beskriver sig vara i en liknande situation som Clara och bekr\u00e4ftar att det finns en okunskap kring arfid. Medan andra \u00e4r skeptiska till diagnosen i sig. <\/p>\n<p>I klippet: Johanna Hultberg, dietist p\u00e5 \u00e4tst\u00f6rningsmottagningen i Varberg som drivs av Region Halland, vill ha f\u00f6r\u00e4ndringar f\u00f6r att patienter inte ska falla mellan stolarna <\/p>\n<p>Regioner saknar tydliga v\u00e5rdfl\u00f6den<\/p>\n<p>Rebeka Bereczky Veress, ordf\u00f6rande f\u00f6r Dietisternas riksf\u00f6rbund, s\u00e4ger att arbetet med arfid g\u00e5tt fram\u00e5t d\u00e5 det f\u00e5tt en tydligare plats i riktlinjerna f\u00f6r \u00e4tst\u00f6rningar. <\/p>\n<p>\u2013 Men det finns fortfarande v\u00e4ldigt stora utmaningar. Kunskapen kring arfid \u00e4r v\u00e4ldigt oj\u00e4mn och m\u00e5nga regioner saknar etablerade arbetss\u00e4tt och tydliga v\u00e5rdfl\u00f6den, s\u00e4ger Rebeka Bereczky Veress.<\/p>\n<p>Region Halland har tillsatt en projektgrupp som nu ska utreda v\u00e5rdfl\u00f6det f\u00f6r arfid-patienterna i l\u00e4net.<\/p>\n<p>\u201dBlir \u00e4cklad i munnen\u201d<\/p>\n<p><a href=\"https:\/\/www.svt.se\/nyheter\/lokalt\/halland\/clara-25-far-ingen-vard-for-sin-ovanliga-atstorning-arfid-ingen-vet-hur-de-ska-hjalpa-mig\" rel=\"nofollow noopener\" target=\"_blank\">SVT har tidigare ber\u00e4ttat om Clara Lager<\/a>. Som liten kallades hon f\u00f6r kr\u00e4sen och hon har alltid haft sv\u00e5rt f\u00f6r vissa smaker och konsistenser som kan f\u00e5 henne att kr\u00e4kas. N\u00e4r Clara var 17 \u00e5r fick hon diagnosen selektiv \u00e4tst\u00f6rning, \u00e4ven kallad arfid. Men trots diagnosen f\u00e5r hon ingen behandling.<\/p>\n<p>Starta klippet nedan f\u00f6r att h\u00f6ra Clara ber\u00e4tta om hennes erfarenheter av v\u00e5rden.<\/p>\n","protected":false},"excerpt":{"rendered":"\u201dLever med det dygnet runt sen jag var 19 \u00e4r 35 nu. Ingen behandling, ingen KBT, inga mediciner&hellip;\n","protected":false},"author":2,"featured_media":359081,"comment_status":"","ping_status":"","sticky":false,"template":"","format":"standard","meta":{"footnotes":"","_share_on_mastodon":"0"},"categories":[69],"tags":[113,112,34,31,33,32,30],"class_list":["post-359080","post","type-post","status-publish","format-standard","has-post-thumbnail","category-halsa","tag-halsa","tag-health","tag-se","tag-svenska","tag-sverige","tag-sweden","tag-swedish"],"share_on_mastodon":{"url":"https:\/\/pubeurope.com\/@se\/117189791115182964","error":""},"_links":{"self":[{"href":"https:\/\/www.europesays.com\/se\/wp-json\/wp\/v2\/posts\/359080","targetHints":{"allow":["GET"]}}],"collection":[{"href":"https:\/\/www.europesays.com\/se\/wp-json\/wp\/v2\/posts"}],"about":[{"href":"https:\/\/www.europesays.com\/se\/wp-json\/wp\/v2\/types\/post"}],"author":[{"embeddable":true,"href":"https:\/\/www.europesays.com\/se\/wp-json\/wp\/v2\/users\/2"}],"replies":[{"embeddable":true,"href":"https:\/\/www.europesays.com\/se\/wp-json\/wp\/v2\/comments?post=359080"}],"version-history":[{"count":0,"href":"https:\/\/www.europesays.com\/se\/wp-json\/wp\/v2\/posts\/359080\/revisions"}],"wp:featuredmedia":[{"embeddable":true,"href":"https:\/\/www.europesays.com\/se\/wp-json\/wp\/v2\/media\/359081"}],"wp:attachment":[{"href":"https:\/\/www.europesays.com\/se\/wp-json\/wp\/v2\/media?parent=359080"}],"wp:term":[{"taxonomy":"category","embeddable":true,"href":"https:\/\/www.europesays.com\/se\/wp-json\/wp\/v2\/categories?post=359080"},{"taxonomy":"post_tag","embeddable":true,"href":"https:\/\/www.europesays.com\/se\/wp-json\/wp\/v2\/tags?post=359080"}],"curies":[{"name":"wp","href":"https:\/\/api.w.org\/{rel}","templated":true}]}}