{"id":359124,"date":"2026-08-31T11:41:17","date_gmt":"2026-08-31T11:41:17","guid":{"rendered":"https:\/\/www.europesays.com\/se\/359124\/"},"modified":"2026-08-31T11:41:17","modified_gmt":"2026-08-31T11:41:17","slug":"ringdans-och-regn-pa-kurdisk-festival","status":"publish","type":"post","link":"https:\/\/www.europesays.com\/se\/359124\/","title":{"rendered":"Ringdans och regn p\u00e5 kurdisk festival"},"content":{"rendered":"<p><strong>Massor av t\u00e4lt var uppst\u00e4llda p\u00e5 f\u00e4ltet n\u00e4ra J\u00e4rvabadet. De flesta hade mat till f\u00f6rs\u00e4ljning men det gick ocks\u00e5 att k\u00f6pa smycken och kurdiska sjalar och kl\u00e4der. Det fanns ocks\u00e5 representanter f\u00f6r bibliotek med kurdiska b\u00f6cker och f\u00f6rs\u00e4ljning av honung.<\/strong><\/p>\n<p>Vid ett av t\u00e4lten s\u00e5ldes dolma och flera andra kurdiska specialiteer.<\/p>\n<p>\u2013 Jag \u00e4ter trshk som ocks\u00e5 kallas shifta och \u00e4r en typisk kurdisk r\u00e4tt. Damen som g\u00f6r den h\u00e4r r\u00e4tten \u00e4r en mycket duktig kokerska och hennes man bakar br\u00f6d och kakor, ber\u00e4ttade Mirkhan fr\u00e5n Husby.<\/p>\n<p>Annons:<a class=\"gofollow\" data-track=\"NDUzLDEsNjA=\" href=\"https:\/\/foreningsservice.stockholm\/jarva\" rel=\"nofollow noopener\" target=\"_blank\"><img decoding=\"async\" src=\"https:\/\/www.europesays.com\/se\/wp-content\/uploads\/2026\/08\/1788176472_857_SthlmStad-123144-260826-NyhetsbyranJarva.jpeg\"\/><\/a><\/p>\n<p><img loading=\"lazy\" decoding=\"async\" width=\"1024\" height=\"768\" data-wp-class--hide=\"state.isContentHidden\" data-wp-class--show=\"state.isContentVisible\" data-wp-init=\"callbacks.setButtonStyles\" data-wp-on--click=\"actions.showLightbox\" data-wp-on--load=\"callbacks.setButtonStyles\" data-wp-on-window--resize=\"callbacks.setButtonStyles\" data-id=\"147281\" src=\"https:\/\/www.europesays.com\/se\/wp-content\/uploads\/2026\/08\/AdibaNY-1024x768.jpg\" alt=\"\" class=\"wp-image-147281\"  \/><\/p>\n<p>\t\tAdiba vid grytorna<\/p>\n<p>Festivalen arrangerades av en grupp privatpersoner best\u00e5ende av Kistabon Ranjdar Fallyih, Taha Wirya fr\u00e5n Kosar Restaurant, Tara Kader fr\u00e5n Eurokurd och ingenj\u00f6ren Lanja Abdulkareem.<\/p>\n<p>\u00a0\u2013 Vi \u00e4r fyra personer som organiserat allt. Med kort varsel fick vi tag p\u00e5 t\u00e4lt att k\u00f6pa och hyra. Vi har s\u00f6kt sponsorer och volont\u00e4rer och fick ihop ett fantastiskt team, s\u00e4ger Ranjdar Fallyih.<\/p>\n<p>Festivalen inleddes med att tv\u00e5 h\u00e4star reds in p\u00e5 omr\u00e5det och ryttarna hade varsin flagga f\u00f6r Sverige och den kurdiska. Den kurdiska nationals\u00e5ngen framf\u00f6rdes fr\u00e5n scenen. D\u00e4refter var det full fart n\u00e4r artisterna avl\u00f6ste varandra. M\u00e5nga kurdiska artister som bor i Sverige var bokade.\u00a0<\/p>\n<p><img loading=\"lazy\" decoding=\"async\" width=\"1024\" height=\"768\" src=\"https:\/\/www.europesays.com\/se\/wp-content\/uploads\/2026\/08\/MirkhanNY-1024x768.jpg\" alt=\"\" class=\"wp-image-147289\"  \/>Mirkhan njuter av maten<\/p>\n<p>Dansen halparke d\u00e4r man dansar i ring utf\u00f6rdes flera g\u00e5nger. B\u00e5de med en stor ring och en mindre ring. Inte bara kurder tog plats i ringen utan m\u00e5nga andra bes\u00f6kare provade p\u00e5.<\/p>\n<p><img loading=\"lazy\" decoding=\"async\" width=\"1024\" height=\"768\" data-wp-class--hide=\"state.isContentHidden\" data-wp-class--show=\"state.isContentVisible\" data-wp-init=\"callbacks.setButtonStyles\" data-wp-on--click=\"actions.showLightbox\" data-wp-on--load=\"callbacks.setButtonStyles\" data-wp-on-window--resize=\"callbacks.setButtonStyles\" data-id=\"147278\" src=\"https:\/\/www.europesays.com\/se\/wp-content\/uploads\/2026\/08\/kebabNY-1024x768.jpg\" alt=\"\" class=\"wp-image-147278\"  \/><\/p>\n<p>\t\tKebab <\/p>\n<p><img loading=\"lazy\" decoding=\"async\" width=\"1024\" height=\"768\" data-wp-class--hide=\"state.isContentHidden\" data-wp-class--show=\"state.isContentVisible\" data-wp-init=\"callbacks.setButtonStyles\" data-wp-on--click=\"actions.showLightbox\" data-wp-on--load=\"callbacks.setButtonStyles\" data-wp-on-window--resize=\"callbacks.setButtonStyles\" data-id=\"147277\" src=\"https:\/\/www.europesays.com\/se\/wp-content\/uploads\/2026\/08\/Kurd-festNY-1024x768.jpg\" alt=\"\" class=\"wp-image-147277\"  \/><\/p>\n<p>\t\tFestival under paraply<\/p>\n<p>N\u00e4r festivalen \u00f6ppnade f\u00f6r dagen sm\u00e5regnade det. N\u00e4r regnet upph\u00f6rde vid 17-tiden str\u00f6mmade fler bes\u00f6kare till.<\/p>\n<p>\u2013 Jag \u00e4r j\u00e4tten\u00f6jd med dagen, tror att det kom ungef\u00e4r 3000 bes\u00f6kare. Det blev lite problem med parkeringen och det var k\u00f6 med bilar \u00e4nda upp till Tensta, s\u00e4ger Ranjdar Fallyih.<\/p>\n<p><img loading=\"lazy\" decoding=\"async\" width=\"563\" height=\"844\" src=\"https:\/\/www.europesays.com\/se\/wp-content\/uploads\/2026\/08\/RanjdarNY-edited.jpg\" alt=\"\" class=\"wp-image-147295\" style=\"width:258px;height:auto\"  \/>Ranjdar Fallyih<\/p>\n<p>Han anser att det \u00e4r viktigt att kurdiska barn \u00e4ven om de \u00e4r f\u00f6dda i Sverige ska k\u00e4nna till sitt ursprung och kultur. Arrang\u00f6rerna hade bokat in en grupp som skulle h\u00e5lla aktiviteter f\u00f6r barn men tyv\u00e4rr avbokade de n\u00e4r de sett v\u00e4derprognosen.\u00a0<\/p>\n<p>\u2013 Vi har inte kostat p\u00e5 oss annonser i tidningar utan n\u00e5tt ut till s\u00e5 h\u00e4r m\u00e5nga bes\u00f6kare via sociala media. Vi har varit aktiva p\u00e5 TikTok och Instagram. Idag kan vi se hur m\u00e5nga bes\u00f6kare lagt ut filmer fr\u00e5n sitt bes\u00f6k hos oss. Jag \u00e4r j\u00e4tten\u00f6jd med att allt fungerat s\u00e5 bra med festivalen. Vi vill rikta ett stort och varmt tack till alla sponsorer som har st\u00f6ttat oss, till alla fantastiska volont\u00e4rer och arbetare som slitit bakom kulisserna, till alla artister som bj\u00f6d p\u00e5 otrolig underh\u00e5llning och framf\u00f6r allt till alla bes\u00f6kare som kom och gjorde den h\u00e4r dagen helt of\u00f6rgl\u00f6mlig, avslutar Ranjdar Fallyih.<\/p>\n<p><strong>Monica Jansson<\/strong><\/p>\n<p><img loading=\"lazy\" decoding=\"async\" width=\"1024\" height=\"768\" src=\"https:\/\/www.europesays.com\/se\/wp-content\/uploads\/2026\/08\/halparkeNY-1024x768.jpg\" alt=\"\" class=\"wp-image-147280\"  \/>Halparke dansas i ring\n<\/p>\n<p>                    <a href=\"#\" rel=\"nofollow\" onclick=\"window.print(); return false;\" title=\"Printer Friendly, PDF &amp; Email\"><br \/>\n                    <img decoding=\"async\" class=\"pf-button-img\" src=\"https:\/\/www.europesays.com\/se\/wp-content\/uploads\/2026\/08\/1788176477_594_printfriendly-pdf-button-nobg-md.png\" alt=\"Print Friendly, PDF &amp; Email\" style=\"width: 124px;height: 30px;\"\/><br \/>\n                    <\/a><\/p>\n","protected":false},"excerpt":{"rendered":"Massor av t\u00e4lt var uppst\u00e4llda p\u00e5 f\u00e4ltet n\u00e4ra J\u00e4rvabadet. De flesta hade mat till f\u00f6rs\u00e4ljning men det gick&hellip;\n","protected":false},"author":2,"featured_media":359125,"comment_status":"","ping_status":"","sticky":false,"template":"","format":"standard","meta":{"footnotes":"","_share_on_mastodon":"0"},"categories":[67],"tags":[595,904,40912,104,1429,40913,34,31,33,32,30,10994,1432,105],"class_list":["post-359124","post","type-post","status-publish","format-standard","has-post-thumbnail","category-underhallning","tag-mat","tag-dans","tag-eggeby","tag-entertainment","tag-jarva","tag-kurdisk-festival","tag-se","tag-svenska","tag-sverige","tag-sweden","tag-swedish","tag-tensta","tag-topp","tag-underhallning"],"share_on_mastodon":{"url":"https:\/\/pubeurope.com\/@se\/117189941573640043","error":""},"_links":{"self":[{"href":"https:\/\/www.europesays.com\/se\/wp-json\/wp\/v2\/posts\/359124","targetHints":{"allow":["GET"]}}],"collection":[{"href":"https:\/\/www.europesays.com\/se\/wp-json\/wp\/v2\/posts"}],"about":[{"href":"https:\/\/www.europesays.com\/se\/wp-json\/wp\/v2\/types\/post"}],"author":[{"embeddable":true,"href":"https:\/\/www.europesays.com\/se\/wp-json\/wp\/v2\/users\/2"}],"replies":[{"embeddable":true,"href":"https:\/\/www.europesays.com\/se\/wp-json\/wp\/v2\/comments?post=359124"}],"version-history":[{"count":0,"href":"https:\/\/www.europesays.com\/se\/wp-json\/wp\/v2\/posts\/359124\/revisions"}],"wp:featuredmedia":[{"embeddable":true,"href":"https:\/\/www.europesays.com\/se\/wp-json\/wp\/v2\/media\/359125"}],"wp:attachment":[{"href":"https:\/\/www.europesays.com\/se\/wp-json\/wp\/v2\/media?parent=359124"}],"wp:term":[{"taxonomy":"category","embeddable":true,"href":"https:\/\/www.europesays.com\/se\/wp-json\/wp\/v2\/categories?post=359124"},{"taxonomy":"post_tag","embeddable":true,"href":"https:\/\/www.europesays.com\/se\/wp-json\/wp\/v2\/tags?post=359124"}],"curies":[{"name":"wp","href":"https:\/\/api.w.org\/{rel}","templated":true}]}}