{"id":359136,"date":"2026-08-31T11:47:14","date_gmt":"2026-08-31T11:47:14","guid":{"rendered":"https:\/\/www.europesays.com\/se\/359136\/"},"modified":"2026-08-31T11:47:14","modified_gmt":"2026-08-31T11:47:14","slug":"nyfodda-far-beyfortus-igen-efter-lovande-forsta-vinter","status":"publish","type":"post","link":"https:\/\/www.europesays.com\/se\/359136\/","title":{"rendered":"Nyf\u00f6dda f\u00e5r Beyfortus igen efter lovande f\u00f6rsta vinter"},"content":{"rendered":"<p><strong>Inf\u00f6r f\u00f6rra vintern b\u00f6rjade<\/strong> nyf\u00f6dda i Sverige f\u00f6r f\u00f6rsta g\u00e5ngen erbjudas den l\u00e5ngverkande antikroppen Beyfortus, nirsevimab, som skydd mot allvarlig infektion med RS-virus, RSV.<\/p>\n<p>Folkh\u00e4lsomyndighetens <a href=\"https:\/\/www.folkhalsomyndigheten.se\/nyheter-och-press\/nyhetsarkiv\/2026\/maj\/sasongen-for-rs-virus-och-influensa-ar-over-i-landet\/?nav-open=true\" target=\"_blank\" rel=\"noreferrer noopener nofollow\">statistik fr\u00e5n den f\u00f6rsta s\u00e4songen<\/a> visar en tydlig minskning av antalet sv\u00e5rt sjuka sp\u00e4dbarn.<\/p>\n<p>Bland barn under sex m\u00e5nader intensivv\u00e5rdades sju barn med RSV under s\u00e4songen 2025\u20132026, <a href=\"https:\/\/www.regionstockholm.se\/nyheter\/2026\/04\/kraftig-minskning-av-rs-virus-hos-de-yngsta-efter-ny-forebyggande-behandling\/\" target=\"_blank\" rel=\"noreferrer noopener nofollow\">j\u00e4mf\u00f6rt med 45 barn s\u00e4songen f\u00f6re.<\/a> F\u00f6r barn under ett \u00e5r sj\u00f6nk incidensen av intensivv\u00e5rd fr\u00e5n 51 till 9 fall per 100 000 inv\u00e5nare.<\/p>\n<p><a href=\"https:\/\/www.folkhalsomyndigheten.se\/nyheter-och-press\/nyhetsarkiv\/2026\/maj\/sasongen-for-rs-virus-och-influensa-ar-over-i-landet\/?nav-open=true&amp;utm_source=chatgpt.com\" target=\"_blank\" rel=\"noreferrer noopener nofollow\">Folkh\u00e4lsomyndigheten bed\u00f6mer<\/a> att minskningen b\u00e5de speglar att RSV-s\u00e4songen var mindre intensiv och att den f\u00f6rebyggande behandlingen haft effekt. Myndigheten konstaterar att intensivv\u00e5rdsdata tyder p\u00e5 att behandlingen haft f\u00f6rv\u00e4ntad effekt och skyddat sp\u00e4dbarn mot allvarlig sjukdom.<\/p>\n<p>F\u00e4rre sp\u00e4dbarn p\u00e5 sjukhus<\/p>\n<p><a href=\"https:\/\/www.socialstyrelsen.se\/publikationer\/farre-nyfodda-behover-sjukhusvard-pa-grund-av-rs-virus--2026-3-10130\/\" target=\"_blank\" rel=\"noreferrer noopener nofollow\">\u00c4ven Socialstyrelsens statistik <\/a>visar en tydlig nedg\u00e5ng. Under veckorna 37\u201352 \u00e5r 2025 v\u00e5rdades 145 sp\u00e4dbarn med RSV i slutenv\u00e5rd. Motsvarande antal var 244 \u00e5ret f\u00f6re och 412 under samma period 2019.<\/p>\n<p><strong>Socialstyrelsen framh\u00e5ller<\/strong> samtidigt att flera faktorer kan p\u00e5verka hur m\u00e5nga barn som blir sjuka och beh\u00f6ver v\u00e5rd, bland annat hur intensiv RSV-s\u00e4songen \u00e4r och hur m\u00e5nga gravida som har vaccinerats. Det beh\u00f6vs d\u00e4rf\u00f6r fler s\u00e4songer f\u00f6r att fullt ut kunna utv\u00e4rdera effekten av antikroppsbehandlingen.<\/p>\n<p><a href=\"https:\/\/www.regionstockholm.se\/nyheter\/2026\/04\/kraftig-minskning-av-rs-virus-hos-de-yngsta-efter-ny-forebyggande-behandling\/\" target=\"_blank\" rel=\"noreferrer noopener nofollow\">I Region Stockholm <\/a>\u00e4r skillnaden mellan s\u00e4songerna s\u00e4rskilt tydlig. Tidigare \u00e5r har antalet barn under sex m\u00e5nader som v\u00e5rdats p\u00e5 sjukhus f\u00f6r RSV som mest legat p\u00e5 mellan 25 och 45 i veckan. F\u00f6rra vintern var det bara under en vecka som antalet \u00f6versteg fem.<\/p>\n<p><strong>Samtidigt l\u00e5g RSV-smittan<\/strong> i den bredare gruppen barn upp till fyra \u00e5r ungef\u00e4r i niv\u00e5 med f\u00f6reg\u00e5ende s\u00e4song. Det talar enligt Smittskydd Stockholm f\u00f6r att antikroppsbehandlingen haft stor effekt bland de yngsta. \u00c4ven tiden som barn under sex m\u00e5nader beh\u00f6vde tillbringa p\u00e5 sjukhus minskade, med n\u00e4ra 30 procent j\u00e4mf\u00f6rt med tidigare s\u00e4songer.<\/p>\n<p>Ny omg\u00e5ng startar 10 september<\/p>\n<p>Nu rekommenderar NT-r\u00e5det regionerna att <a href=\"https:\/\/samverkanlakemedel.se\/download\/18.628deecb1a0421f757a1206\/1787832827884\/Beyfortus%20nirsevimab%20med%20uppdatering%202026-08-27.pdf\" target=\"_blank\" rel=\"noreferrer noopener nofollow\">forts\u00e4tta anv\u00e4nda Beyfortus <\/a>\u00e4ven under RSV-s\u00e4songen 2026\u20132027<a href=\"https:\/\/samverkanlakemedel.se\/download\/18.628deecb1a0421f757a1206\/1787832827884\/Beyfortus%20nirsevimab%20med%20uppdatering%202026-08-27.pdf\" rel=\"nofollow noopener\" target=\"_blank\">.<\/a><\/p>\n<p>Barn som f\u00f6ds fr\u00e5n och med den 10 september ska erbjudas behandlingen p\u00e5 f\u00f6rlossningen eller BB, antingen direkt efter f\u00f6dseln f\u00f6re hemg\u00e5ng eller vid ett ordinarie \u00e5terbes\u00f6k. Behandlingen forts\u00e4tter tills Folkh\u00e4lsomyndigheten bed\u00f6mer att RSV-smittspridningen har avtagit.<\/p>\n<p>Rekommendationen omfattar sp\u00e4dbarn som \u00e4r under tre m\u00e5nader under RSV-s\u00e4songen samt barn under ett \u00e5r med medicinska tillst\u00e5nd som \u00f6kar risken f\u00f6r allvarlig RSV-infektion. Beyfortus rekommenderas ocks\u00e5 till barn upp till tv\u00e5 \u00e5rs \u00e5lder som fortfarande l\u00f6per h\u00f6g risk f\u00f6r allvarlig RSV-sjukdom under sin andra RSV-s\u00e4song.<\/p>\n<p>Beyfortus \u00e4r inte ett vaccin utan en human monoklonal antikropp. L\u00e4kemedlet ges som en intramuskul\u00e4r injektion vid ett tillf\u00e4lle och tillf\u00f6r f\u00e4rdiga antikroppar som skyddar barnet mot RSV.<\/p>\n<p>I de kliniska studier som l\u00e5g till grund f\u00f6r godk\u00e4nnandet minskade risken f\u00f6r RSV-infektion som kr\u00e4vde l\u00e4karbes\u00f6k och sjukhusinl\u00e4ggning med mellan 70 och 74,5 procent.<\/p>\n<p>Storbritannien vaccinerar gravida<\/p>\n<p><strong>Sverige har framf\u00f6r allt valt<\/strong> att skydda de yngsta barnen genom att ge antikroppar efter f\u00f6dseln. <a href=\"https:\/\/www.gov.uk\/government\/news\/newborn-icu-admissions-drop-50-in-first-full-year-of-rsv-maternal-vaccine-programme\" target=\"_blank\" rel=\"noreferrer noopener nofollow\">Storbritannien har valt en annan huvudstrategi<\/a> och erbjuder i st\u00e4llet gravida vaccination mot RSV fr\u00e5n graviditetsvecka 28. Antikropparna som den gravida bildar f\u00f6rs \u00f6ver via moderkakan och skyddar barnet efter f\u00f6dseln.<\/p>\n<p>\u00c4ven d\u00e4r syns en tydlig minskning av allvarlig RSV-sjukdom. Under vintern 2025\u20132026 lades 63 barn under sex m\u00e5nader in p\u00e5 intensivv\u00e5rds- eller h\u00f6gspecialiserade \u00f6vervakningsavdelningar med RSV vid de 20 sjukhus som ing\u00e5r i den brittiska \u00f6vervakningen. Vintern f\u00f6re var motsvarande antal 131. Det inneb\u00e4r en minskning med omkring 50 procent.<\/p>\n<p>En utmaning \u00e4r dock att n\u00e5 alla gravida. Under tolvm\u00e5nadersperioden mars 2025\u2013februari 2026 hade 61,7 procent av kvinnorna som f\u00f6dde barn vaccinerats mot RSV. Den brittiska h\u00e4lsos\u00e4kerhetsmyndigheten UKHSA konstaterar d\u00e4rf\u00f6r att m\u00e5nga sp\u00e4dbarn fortfarande saknar skydd.<\/p>\n<p><strong>L\u00e4s ocks\u00e5:<\/strong> <a href=\"https:\/\/www.lakemedelsvarlden.se\/rsv-vaccin-effektivt-och-sakert\/\" data-type=\"link\" data-id=\"https:\/\/www.lakemedelsvarlden.se\/rsv-vaccin-effektivt-och-sakert\/\" rel=\"nofollow noopener\" target=\"_blank\">\u00d6versikt bekr\u00e4ftar gott skydd av RSV-vacciner<\/a><\/p>\n","protected":false},"excerpt":{"rendered":"Inf\u00f6r f\u00f6rra vintern b\u00f6rjade nyf\u00f6dda i Sverige f\u00f6r f\u00f6rsta g\u00e5ngen erbjudas den l\u00e5ngverkande antikroppen Beyfortus, nirsevimab, som skydd&hellip;\n","protected":false},"author":2,"featured_media":359137,"comment_status":"","ping_status":"","sticky":false,"template":"","format":"standard","meta":{"footnotes":"","_share_on_mastodon":"0"},"categories":[69],"tags":[1624,113,112,2360,34,31,33,32,30],"class_list":["post-359136","post","type-post","status-publish","format-standard","has-post-thumbnail","category-halsa","tag-folkhalsomyndigheten","tag-halsa","tag-health","tag-rs-virus","tag-se","tag-svenska","tag-sverige","tag-sweden","tag-swedish"],"share_on_mastodon":{"url":"https:\/\/pubeurope.com\/@se\/117189964084837583","error":""},"_links":{"self":[{"href":"https:\/\/www.europesays.com\/se\/wp-json\/wp\/v2\/posts\/359136","targetHints":{"allow":["GET"]}}],"collection":[{"href":"https:\/\/www.europesays.com\/se\/wp-json\/wp\/v2\/posts"}],"about":[{"href":"https:\/\/www.europesays.com\/se\/wp-json\/wp\/v2\/types\/post"}],"author":[{"embeddable":true,"href":"https:\/\/www.europesays.com\/se\/wp-json\/wp\/v2\/users\/2"}],"replies":[{"embeddable":true,"href":"https:\/\/www.europesays.com\/se\/wp-json\/wp\/v2\/comments?post=359136"}],"version-history":[{"count":0,"href":"https:\/\/www.europesays.com\/se\/wp-json\/wp\/v2\/posts\/359136\/revisions"}],"wp:featuredmedia":[{"embeddable":true,"href":"https:\/\/www.europesays.com\/se\/wp-json\/wp\/v2\/media\/359137"}],"wp:attachment":[{"href":"https:\/\/www.europesays.com\/se\/wp-json\/wp\/v2\/media?parent=359136"}],"wp:term":[{"taxonomy":"category","embeddable":true,"href":"https:\/\/www.europesays.com\/se\/wp-json\/wp\/v2\/categories?post=359136"},{"taxonomy":"post_tag","embeddable":true,"href":"https:\/\/www.europesays.com\/se\/wp-json\/wp\/v2\/tags?post=359136"}],"curies":[{"name":"wp","href":"https:\/\/api.w.org\/{rel}","templated":true}]}}