{"id":359198,"date":"2026-08-31T12:36:09","date_gmt":"2026-08-31T12:36:09","guid":{"rendered":"https:\/\/www.europesays.com\/se\/359198\/"},"modified":"2026-08-31T12:36:09","modified_gmt":"2026-08-31T12:36:09","slug":"strommer-m-sagar-s-nya-gangoffensiv-ratt-tunt","status":"publish","type":"post","link":"https:\/\/www.europesays.com\/se\/359198\/","title":{"rendered":"Str\u00f6mmer (M) s\u00e5gar S nya g\u00e4ngoffensiv: \u201dR\u00e4tt tunt\u201d"},"content":{"rendered":"<p>Justitieminister Gunnar Str\u00f6mmer (M) s\u00e5gar Socialdemokraternas nya offensiv mot g\u00e4ngen och anser att f\u00f6rslagen \u00e4r otillr\u00e4ckliga.<\/p>\n<p>\u2013 Som program f\u00f6r att stoppa v\u00e5ldet, strypa den kriminella ekonomin och bryta g\u00e4ngens rekrytering av barn \u00e4r det s\u00e5 att s\u00e4ga r\u00e4tt tunt, s\u00e4ger han i en kommentar till Omni.<\/p>\n<p>Str\u00f6mmer h\u00e4vdar ocks\u00e5 att S-f\u00f6rslaget om en maffialag inte inneh\u00e5ller n\u00e5got som regeringen inte redan har genomf\u00f6rt eller f\u00f6rbereder.<\/p>\n<p>Omni \u00e4r politiskt obundna och oberoende. Vi str\u00e4var efter att ge fler perspektiv p\u00e5 nyheterna. Har du fr\u00e5gor eller synpunkter kring v\u00e5r rapportering? <a href=\"https:\/\/omni.se\/strommer-m-sagar-s-nya-gangoffensiv-ratt-tunt\/a\/mailto:redaktion@omni.se\" class=\"ArticleActions-module-scss-module__w9u9BG__contactLink\" rel=\"nofollow noopener\" target=\"_blank\">Kontakta redaktionen<\/a><\/p>\n","protected":false},"excerpt":{"rendered":"Justitieminister Gunnar Str\u00f6mmer (M) s\u00e5gar Socialdemokraternas nya offensiv mot g\u00e4ngen och anser att f\u00f6rslagen \u00e4r otillr\u00e4ckliga. \u2013 Som&hellip;\n","protected":false},"author":2,"featured_media":359199,"comment_status":"","ping_status":"","sticky":false,"template":"","format":"standard","meta":{"footnotes":"","_share_on_mastodon":"0"},"categories":[5],"tags":[22,23,26,27,2613,17,21,1558,24,25,28,29,551,15,16,369,18,34,1557,31,33,32,30,19,20,3416],"class_list":["post-359198","post","type-post","status-publish","format-standard","has-post-thumbnail","category-rubriker","tag-breaking-news","tag-breakingnews","tag-featured-news","tag-featurednews","tag-gunnar-strommer","tag-headlines","tag-huvudnyheter","tag-kriminalpolitik","tag-latest-news","tag-latestnews","tag-main-news","tag-mainnews","tag-moderaterna","tag-news","tag-nyheter","tag-politik","tag-rubriker","tag-se","tag-socialdemokraterna","tag-svenska","tag-sverige","tag-sweden","tag-swedish","tag-top-stories","tag-topstories","tag-valet-2026"],"share_on_mastodon":{"url":"https:\/\/pubeurope.com\/@se\/117190157097661254","error":""},"_links":{"self":[{"href":"https:\/\/www.europesays.com\/se\/wp-json\/wp\/v2\/posts\/359198","targetHints":{"allow":["GET"]}}],"collection":[{"href":"https:\/\/www.europesays.com\/se\/wp-json\/wp\/v2\/posts"}],"about":[{"href":"https:\/\/www.europesays.com\/se\/wp-json\/wp\/v2\/types\/post"}],"author":[{"embeddable":true,"href":"https:\/\/www.europesays.com\/se\/wp-json\/wp\/v2\/users\/2"}],"replies":[{"embeddable":true,"href":"https:\/\/www.europesays.com\/se\/wp-json\/wp\/v2\/comments?post=359198"}],"version-history":[{"count":0,"href":"https:\/\/www.europesays.com\/se\/wp-json\/wp\/v2\/posts\/359198\/revisions"}],"wp:featuredmedia":[{"embeddable":true,"href":"https:\/\/www.europesays.com\/se\/wp-json\/wp\/v2\/media\/359199"}],"wp:attachment":[{"href":"https:\/\/www.europesays.com\/se\/wp-json\/wp\/v2\/media?parent=359198"}],"wp:term":[{"taxonomy":"category","embeddable":true,"href":"https:\/\/www.europesays.com\/se\/wp-json\/wp\/v2\/categories?post=359198"},{"taxonomy":"post_tag","embeddable":true,"href":"https:\/\/www.europesays.com\/se\/wp-json\/wp\/v2\/tags?post=359198"}],"curies":[{"name":"wp","href":"https:\/\/api.w.org\/{rel}","templated":true}]}}