{"id":359200,"date":"2026-08-31T12:37:08","date_gmt":"2026-08-31T12:37:08","guid":{"rendered":"https:\/\/www.europesays.com\/se\/359200\/"},"modified":"2026-08-31T12:37:08","modified_gmt":"2026-08-31T12:37:08","slug":"lex-maria-efter-fordrojd-vard-pa-akademiska","status":"publish","type":"post","link":"https:\/\/www.europesays.com\/se\/359200\/","title":{"rendered":"Lex Maria efter f\u00f6rdr\u00f6jd v\u00e5rd p\u00e5 Akademiska"},"content":{"rendered":"<p>Kvinnan v\u00e5rdades initialt f\u00f6r misst\u00e4nkt sepsis i h\u00f6ftregionen. Trots upprepade kontakter med ortopedklinik och kvarst\u00e5ende sm\u00e4rta i v\u00e4nster axel dr\u00f6jde dock passande ortopedisk bed\u00f6mning och \u00e5tg\u00e4rd, enligt Lex Maria-anm\u00e4lan fr\u00e5n Akademiska sjukhuset.<\/p>\n<p>Efter att ha blivit utskriven, och visat tecken p\u00e5 b\u00e4ttring under antibiotikabehandling, f\u00f6rs\u00e4mrades l\u00e4get. Kvinnan upplevde d\u00e5 bland annat \u00f6kade sm\u00e4rtor och s\u00e5rproblematik, varp\u00e5 hon \u00e5terigen s\u00f6kte v\u00e5rd med bl\u00f6dning och svullnad fr\u00e5n s\u00e5romr\u00e5det.<\/p>\n<p>F\u00f6rst d\u00e4refter opererades kvinnans axelled d\u00e4r en infektion konstaterades. Trots kirurgisk \u00e5tg\u00e4rd och antibiotikabehandling f\u00f6rs\u00e4mrades kvinnans tillst\u00e5nd ytterligare och hon avled till f\u00f6ljd av respiratorisk svikt i samband med sepsis och septisk artrit.<\/p>\n","protected":false},"excerpt":{"rendered":"Kvinnan v\u00e5rdades initialt f\u00f6r misst\u00e4nkt sepsis i h\u00f6ftregionen. Trots upprepade kontakter med ortopedklinik och kvarst\u00e5ende sm\u00e4rta i v\u00e4nster&hellip;\n","protected":false},"author":2,"featured_media":359201,"comment_status":"","ping_status":"","sticky":false,"template":"","format":"standard","meta":{"footnotes":"","_share_on_mastodon":"0"},"categories":[69],"tags":[113,112,34,31,33,32,30],"class_list":["post-359200","post","type-post","status-publish","format-standard","has-post-thumbnail","category-halsa","tag-halsa","tag-health","tag-se","tag-svenska","tag-sverige","tag-sweden","tag-swedish"],"share_on_mastodon":{"url":"https:\/\/pubeurope.com\/@se\/117190161010444328","error":""},"_links":{"self":[{"href":"https:\/\/www.europesays.com\/se\/wp-json\/wp\/v2\/posts\/359200","targetHints":{"allow":["GET"]}}],"collection":[{"href":"https:\/\/www.europesays.com\/se\/wp-json\/wp\/v2\/posts"}],"about":[{"href":"https:\/\/www.europesays.com\/se\/wp-json\/wp\/v2\/types\/post"}],"author":[{"embeddable":true,"href":"https:\/\/www.europesays.com\/se\/wp-json\/wp\/v2\/users\/2"}],"replies":[{"embeddable":true,"href":"https:\/\/www.europesays.com\/se\/wp-json\/wp\/v2\/comments?post=359200"}],"version-history":[{"count":0,"href":"https:\/\/www.europesays.com\/se\/wp-json\/wp\/v2\/posts\/359200\/revisions"}],"wp:featuredmedia":[{"embeddable":true,"href":"https:\/\/www.europesays.com\/se\/wp-json\/wp\/v2\/media\/359201"}],"wp:attachment":[{"href":"https:\/\/www.europesays.com\/se\/wp-json\/wp\/v2\/media?parent=359200"}],"wp:term":[{"taxonomy":"category","embeddable":true,"href":"https:\/\/www.europesays.com\/se\/wp-json\/wp\/v2\/categories?post=359200"},{"taxonomy":"post_tag","embeddable":true,"href":"https:\/\/www.europesays.com\/se\/wp-json\/wp\/v2\/tags?post=359200"}],"curies":[{"name":"wp","href":"https:\/\/api.w.org\/{rel}","templated":true}]}}