{"id":359344,"date":"2026-08-31T14:46:12","date_gmt":"2026-08-31T14:46:12","guid":{"rendered":"https:\/\/www.europesays.com\/se\/359344\/"},"modified":"2026-08-31T14:46:12","modified_gmt":"2026-08-31T14:46:12","slug":"nytt-samarbete-ska-ge-fler-tillgang-till-trygg-traning-vid-cancer-orebronyheter","status":"publish","type":"post","link":"https:\/\/www.europesays.com\/se\/359344\/","title":{"rendered":"Nytt samarbete ska ge fler tillg\u00e5ng till trygg tr\u00e4ning vid cancer \u2013 \u00d6rebronyheter"},"content":{"rendered":"<p>\t\t\t\t\t\t\t\t<img width=\"300\" height=\"336\" src=\"https:\/\/www.europesays.com\/se\/wp-content\/uploads\/2026\/08\/frskssvtts-300x336.jpg\" class=\"attachment-post-thumb size-post-thumb wp-post-image\" alt=\"\" decoding=\"async\" fetchpriority=\"high\"  \/>\t\t\t\t\t\t\t\t\t\t\t\t\t\t\t\t\tFotograf Magnus Selander\/Friskis&amp;Svettis<\/p>\n<p><strong> Tr\u00e4ning under och efter cancerbehandling \u00e4r en v\u00e4l belagd \u00e5tg\u00e4rd f\u00f6r att minska vanliga biverkningar och \u00f6ka livskvaliteten, \u00e4nd\u00e5 varierar m\u00f6jligheten till rehabilitering runt om i landet. Ett nytt samarbete mellan ledande akt\u00f6rer inom forskning och tr\u00e4ning, inleds f\u00f6r att fler ska f\u00e5 tillg\u00e5ng till evidensbaserad tr\u00e4ning.<\/strong><\/p>\n<p>Omkring 600 000 personer i Sverige lever just nu med eller har tidigare haft cancer. Trots att fysisk tr\u00e4ning \u00e4r en av de starkaste evidensbaserade \u00e5tg\u00e4rderna f\u00f6r att minska biverkningar under behandling och \u00f6ka livskvaliteten vid cancer, s\u00e5 saknas nationella strukturer f\u00f6r hur patienter ska komma ig\u00e5ng eller bibeh\u00e5lla tr\u00e4ning utanf\u00f6r sjukv\u00e5rden.<\/p>\n<p>F\u00f6r att g\u00f6ra rehabiliteringen vid cancer mer j\u00e4mlik inleder Gymnastik- och idrottsh\u00f6gskolan (GIH), Friskis&amp;Svettis och SweCanMove \u2013 Svenskt n\u00e4tverk f\u00f6r Tr\u00e4ning och Cancer ett gemensamt projekt. M\u00e5let \u00e4r att tillg\u00e4ngligg\u00f6ra evidensbaserad kunskap om tr\u00e4ning vid cancer hos Friskis runt om i landet.<\/p>\n<p>\u2014 Ett f\u00f6rsta steg \u00e4r en utbildning i tr\u00e4ning vid cancer som n\u00e5r samtliga Friskis omkring 8 000 ledare. D\u00e4rtill kommer ett urval personer g\u00e5 en f\u00f6rdjupad certifieringsutbildning f\u00f6r ytterligare spetskompetens. P\u00e5 s\u00e5 s\u00e4tt kommer cancerpatienter l\u00e4ttare kunna hitta trygg, kvalitetss\u00e4krad tr\u00e4ning n\u00e4ra hemmet, s\u00e4ger Elin Ekblom Bak, professor vid GIH och ordf\u00f6rande f\u00f6r SweCanMove.<\/p>\n<p>Idag avg\u00f6rs tillg\u00e5ngen till tr\u00e4ning under rehabilitering ofta av var patienten bor, d\u00e4r mycket ansvar vilar p\u00e5 den enskilde att sj\u00e4lv aktivt s\u00f6ka upp resurser. Det gemensamma projektet blir en kvalitetss\u00e4krad brygga mellan v\u00e5rden och civilsamh\u00e4llet.<\/p>\n<p>\u2014 Genom att ge v\u00e5ra ledare specifik kunskap om cancer och tr\u00e4ning, bem\u00f6tande och inkludering kan Friskis g\u00f6ra stor skillnad f\u00f6r m\u00e5nga. Vi \u00e4r v\u00e4ldigt stolta \u00f6ver det h\u00e4r viktiga samarbetet, s\u00e4ger Janna Hellerup, generalsekreterare Friskis&amp;Svettis<\/p>\n<p><strong>Projektet omfattar tre olika delar<\/strong><\/p>\n<ul>\n<li>En digital utbildning som ger evidensbaserad kunskap om cancer och tr\u00e4ning, med fokus p\u00e5 bem\u00f6tande, trygghet och inkludering.<\/li>\n<li>En certifieringsutbildning till AKTIV instrukt\u00f6r, som ger f\u00f6rdjupad kompetens att leda individ- och grupptr\u00e4ning specifikt anpassad f\u00f6r personer med cancerdiagnos.<\/li>\n<li>Riktade aktiviteter f\u00f6r Friskis medlemmar p\u00e5 utvalda orter i Sverige.<\/li>\n<\/ul>\n<p>Ambitionen \u00e4r att ta fram en generisk, kvalitetss\u00e4krad modell som kan spridas till fler friskv\u00e5rdsakt\u00f6rer.<\/p>\n<p><strong>H\u00e4lsa | \u00d6rebro\/L\u00e4net<\/strong><br \/><strong>\u00d6rebronyheter<\/strong><\/p>\n<p>K\u00e4lla: Friskis&amp;Svettis<br \/>Projektet \u201dTr\u00e4ning vid cancer i civilsamh\u00e4llet\u201d p\u00e5g\u00e5r under 2026 och finansieras av fem regionala cancercentrum: RCC Syd\u00f6st, RCC Stockholm\/Gotland, RCC Norr, RCC Syd och RCC Mellansverige, samt Sj\u00f6bergsstiftelsen.<\/p>\n<p><a href=\"https:\/\/www.orebronyheter.com\/\" rel=\"nofollow noopener\" target=\"_blank\">\u00ab Tillbaka till startsidan<\/a><\/p>\n","protected":false},"excerpt":{"rendered":"Fotograf Magnus Selander\/Friskis&amp;Svettis Tr\u00e4ning under och efter cancerbehandling \u00e4r en v\u00e4l belagd \u00e5tg\u00e4rd f\u00f6r att minska vanliga biverkningar&hellip;\n","protected":false},"author":2,"featured_media":359345,"comment_status":"","ping_status":"","sticky":false,"template":"","format":"standard","meta":{"footnotes":"","_share_on_mastodon":"0"},"categories":[69],"tags":[113,112,34,31,33,32,30],"class_list":["post-359344","post","type-post","status-publish","format-standard","has-post-thumbnail","category-halsa","tag-halsa","tag-health","tag-se","tag-svenska","tag-sverige","tag-sweden","tag-swedish"],"share_on_mastodon":{"url":"https:\/\/pubeurope.com\/@se\/117190668483224398","error":""},"_links":{"self":[{"href":"https:\/\/www.europesays.com\/se\/wp-json\/wp\/v2\/posts\/359344","targetHints":{"allow":["GET"]}}],"collection":[{"href":"https:\/\/www.europesays.com\/se\/wp-json\/wp\/v2\/posts"}],"about":[{"href":"https:\/\/www.europesays.com\/se\/wp-json\/wp\/v2\/types\/post"}],"author":[{"embeddable":true,"href":"https:\/\/www.europesays.com\/se\/wp-json\/wp\/v2\/users\/2"}],"replies":[{"embeddable":true,"href":"https:\/\/www.europesays.com\/se\/wp-json\/wp\/v2\/comments?post=359344"}],"version-history":[{"count":0,"href":"https:\/\/www.europesays.com\/se\/wp-json\/wp\/v2\/posts\/359344\/revisions"}],"wp:featuredmedia":[{"embeddable":true,"href":"https:\/\/www.europesays.com\/se\/wp-json\/wp\/v2\/media\/359345"}],"wp:attachment":[{"href":"https:\/\/www.europesays.com\/se\/wp-json\/wp\/v2\/media?parent=359344"}],"wp:term":[{"taxonomy":"category","embeddable":true,"href":"https:\/\/www.europesays.com\/se\/wp-json\/wp\/v2\/categories?post=359344"},{"taxonomy":"post_tag","embeddable":true,"href":"https:\/\/www.europesays.com\/se\/wp-json\/wp\/v2\/tags?post=359344"}],"curies":[{"name":"wp","href":"https:\/\/api.w.org\/{rel}","templated":true}]}}