{"id":359438,"date":"2026-08-31T16:02:22","date_gmt":"2026-08-31T16:02:22","guid":{"rendered":"https:\/\/www.europesays.com\/se\/359438\/"},"modified":"2026-08-31T16:02:22","modified_gmt":"2026-08-31T16:02:22","slug":"efter-kritikstorm-utstallning-stalls-in","status":"publish","type":"post","link":"https:\/\/www.europesays.com\/se\/359438\/","title":{"rendered":"Efter kritikstorm \u2013 utst\u00e4llning st\u00e4lls in"},"content":{"rendered":"<p>  <img alt=\"\" class=\"_image_1jxax_84 layout-component layout-wide\" data-fullscreen- data-track-element-type=\"Article image fullscreen\" data-track-name=\"ImageFullscreen\" fetchpriority=\"high\" decoding=\"sync\" loading=\"eager\" height=\"2703\" itemprop=\"image\"  src=\"https:\/\/www.europesays.com\/se\/wp-content\/uploads\/2026\/08\/26a8060f-18e6-36b9-9a8f-344d9d78de2d.jpeg\"  style=\"object-position:56.65057656208099% 40.97299297077321%\" width=\"3729\"\/><\/p>\n<p class=\"_textTheme_zldsx_1 _lead_16k26_2 _lead_3ue4t_18 layout-component layout-normal layout-padded _lead_o6m9k_5 _leadTheme_1q6sv_1 body-large bold\">Efter omfattande kritik st\u00e4ller in den planerade utst\u00e4llningen p\u00e5 Metropolitan Museum of Art in. D\u00e4rmed \u00e4r temat f\u00f6r n\u00e4sta Metgala ovisst. \u201dJag tror att det h\u00e4r \u00e4r r\u00e4tt beslut\u201d, s\u00e4ger Anna Wintour, som \u00e4r ansvarig f\u00f6r galan, i ett uttalande.<\/p>\n<p><a class=\"_link_1lr5y_108\" href=\"https:\/\/www.svd.se\/av\/emilia-lindell\" title=\"Emilia Lindell\" rel=\"nofollow noopener\" target=\"_blank\"><img alt=\"Bild av Emilia Lindell\" class=\"_image_1lr5y_85\" fetchpriority=\"low\" decoding=\"async\" itemprop=\"image\" loading=\"lazy\"  src=\"https:\/\/www.europesays.com\/se\/wp-content\/uploads\/2026\/08\/1788192142_839_f5ca335f-bc33-4450-a7b7-9125bebbe2c6.png\"  width=\"480\"\/><\/a>          <\/p>\n<p class=\"_textTheme_zldsx_1 _paragraph_16k26_4 _paragraph_3ue4t_27 layout-component layout-normal layout-padded body-medium\">\u201dEfter mycket reflektion och diskussion med museet och alla involverade, har jag med stor sorg beslutat att det \u00e4r b\u00e4st att utst\u00e4llningen inte \u00e4ger rum denna g\u00e5ng\u201d.<\/p>\n<p class=\"_textTheme_zldsx_1 _paragraph_16k26_4 _paragraph_3ue4t_27 layout-component layout-normal layout-padded body-medium\">Det skriver den omtalade designern John Galliano i ett <a href=\"https:\/\/www.instagram.com\/p\/DctHgVHtnCb?hl=en\" class=\"_link_16k26_32\" rel=\"nofollow noopener\" target=\"_blank\">uttalande<\/a> p\u00e5 m\u00e5ndagen.<\/p>\n<p>     <script async src=\"\/\/www.instagram.com\/embed.js\"><\/script><\/p>\n","protected":false},"excerpt":{"rendered":"Efter omfattande kritik st\u00e4ller in den planerade utst\u00e4llningen p\u00e5 Metropolitan Museum of Art in. D\u00e4rmed \u00e4r temat f\u00f6r&hellip;\n","protected":false},"author":2,"featured_media":359439,"comment_status":"","ping_status":"","sticky":false,"template":"","format":"standard","meta":{"footnotes":"","_share_on_mastodon":"0"},"categories":[67],"tags":[104,40953,30952,1592,34,31,33,32,30,105],"class_list":["post-359438","post","type-post","status-publish","format-standard","has-post-thumbnail","category-underhallning","tag-entertainment","tag-john-galliano","tag-met-galan","tag-mode","tag-se","tag-svenska","tag-sverige","tag-sweden","tag-swedish","tag-underhallning"],"share_on_mastodon":{"url":"https:\/\/pubeurope.com\/@se\/117190967671760858","error":""},"_links":{"self":[{"href":"https:\/\/www.europesays.com\/se\/wp-json\/wp\/v2\/posts\/359438","targetHints":{"allow":["GET"]}}],"collection":[{"href":"https:\/\/www.europesays.com\/se\/wp-json\/wp\/v2\/posts"}],"about":[{"href":"https:\/\/www.europesays.com\/se\/wp-json\/wp\/v2\/types\/post"}],"author":[{"embeddable":true,"href":"https:\/\/www.europesays.com\/se\/wp-json\/wp\/v2\/users\/2"}],"replies":[{"embeddable":true,"href":"https:\/\/www.europesays.com\/se\/wp-json\/wp\/v2\/comments?post=359438"}],"version-history":[{"count":0,"href":"https:\/\/www.europesays.com\/se\/wp-json\/wp\/v2\/posts\/359438\/revisions"}],"wp:featuredmedia":[{"embeddable":true,"href":"https:\/\/www.europesays.com\/se\/wp-json\/wp\/v2\/media\/359439"}],"wp:attachment":[{"href":"https:\/\/www.europesays.com\/se\/wp-json\/wp\/v2\/media?parent=359438"}],"wp:term":[{"taxonomy":"category","embeddable":true,"href":"https:\/\/www.europesays.com\/se\/wp-json\/wp\/v2\/categories?post=359438"},{"taxonomy":"post_tag","embeddable":true,"href":"https:\/\/www.europesays.com\/se\/wp-json\/wp\/v2\/tags?post=359438"}],"curies":[{"name":"wp","href":"https:\/\/api.w.org\/{rel}","templated":true}]}}