{"id":359458,"date":"2026-08-31T16:20:20","date_gmt":"2026-08-31T16:20:20","guid":{"rendered":"https:\/\/www.europesays.com\/se\/359458\/"},"modified":"2026-08-31T16:20:20","modified_gmt":"2026-08-31T16:20:20","slug":"kand-artist-domd-for-valdtakt-far-fangelse-2","status":"publish","type":"post","link":"https:\/\/www.europesays.com\/se\/359458\/","title":{"rendered":"K\u00e4nd artist d\u00f6md f\u00f6r v\u00e5ldt\u00e4kt \u2013 f\u00e5r f\u00e4ngelse"},"content":{"rendered":"<p>Artisten har gett ut flera skivor som har legat etta p\u00e5 den svenska albumlistan och han har f\u00e5tt flera fina priser.<\/p>\n<p>Mannen h\u00e4ktades i maj, och tvingades d\u00e5 st\u00e4lla in en fullbokad konsert. Han \u00e5talades bland annat f\u00f6r v\u00e5ldt\u00e4kt alternativt oaktsam v\u00e5ldt\u00e4kt mot en kvinna p\u00e5 ett hotell i centrala Stockholm. Han d\u00f6ms nu mot sitt nekande f\u00f6r v\u00e5ldt\u00e4kt och ringa narkotikabrott.<\/p>\n","protected":false},"excerpt":{"rendered":"Artisten har gett ut flera skivor som har legat etta p\u00e5 den svenska albumlistan och han har f\u00e5tt&hellip;\n","protected":false},"author":2,"featured_media":359459,"comment_status":"","ping_status":"","sticky":false,"template":"","format":"standard","meta":{"footnotes":"","_share_on_mastodon":"0"},"categories":[67],"tags":[104,34,31,33,32,30,105],"class_list":["post-359458","post","type-post","status-publish","format-standard","has-post-thumbnail","category-underhallning","tag-entertainment","tag-se","tag-svenska","tag-sverige","tag-sweden","tag-swedish","tag-underhallning"],"share_on_mastodon":{"url":"https:\/\/pubeurope.com\/@se\/117191037892925870","error":""},"_links":{"self":[{"href":"https:\/\/www.europesays.com\/se\/wp-json\/wp\/v2\/posts\/359458","targetHints":{"allow":["GET"]}}],"collection":[{"href":"https:\/\/www.europesays.com\/se\/wp-json\/wp\/v2\/posts"}],"about":[{"href":"https:\/\/www.europesays.com\/se\/wp-json\/wp\/v2\/types\/post"}],"author":[{"embeddable":true,"href":"https:\/\/www.europesays.com\/se\/wp-json\/wp\/v2\/users\/2"}],"replies":[{"embeddable":true,"href":"https:\/\/www.europesays.com\/se\/wp-json\/wp\/v2\/comments?post=359458"}],"version-history":[{"count":0,"href":"https:\/\/www.europesays.com\/se\/wp-json\/wp\/v2\/posts\/359458\/revisions"}],"wp:featuredmedia":[{"embeddable":true,"href":"https:\/\/www.europesays.com\/se\/wp-json\/wp\/v2\/media\/359459"}],"wp:attachment":[{"href":"https:\/\/www.europesays.com\/se\/wp-json\/wp\/v2\/media?parent=359458"}],"wp:term":[{"taxonomy":"category","embeddable":true,"href":"https:\/\/www.europesays.com\/se\/wp-json\/wp\/v2\/categories?post=359458"},{"taxonomy":"post_tag","embeddable":true,"href":"https:\/\/www.europesays.com\/se\/wp-json\/wp\/v2\/tags?post=359458"}],"curies":[{"name":"wp","href":"https:\/\/api.w.org\/{rel}","templated":true}]}}