{"id":359470,"date":"2026-08-31T16:29:12","date_gmt":"2026-08-31T16:29:12","guid":{"rendered":"https:\/\/www.europesays.com\/se\/359470\/"},"modified":"2026-08-31T16:29:12","modified_gmt":"2026-08-31T16:29:12","slug":"goteborgskalaset-over-lyckad-helg-trots-ovader-sveriges-radio","status":"publish","type":"post","link":"https:\/\/www.europesays.com\/se\/359470\/","title":{"rendered":"G\u00f6teborgskalaset \u00f6ver \u2013 lyckad helg trots ov\u00e4der &#8211; Sveriges Radio"},"content":{"rendered":"<ol>\n<li><a href=\"https:\/\/news.google.com\/rss\/articles\/CBMiiwFBVV95cUxOUUpCNWlpWTE1V1VfeGVRNVRrTUtXYnpzUmp6amh6Z1gyMlFFbWRaN0pFUXdyajVTcUF2Y0liWEVRZ0laVmFzTnpxZmoxT0FUMWZPRlBfT01vWEp3b1N4azVGT2JBVENkVXdYLTNlN3VOd0l5NUd1NXFFLXdqOFJacU1UX281ZlBmVW1B?oc=5\" target=\"_blank\" rel=\"nofollow noopener\">G\u00f6teborgskalaset \u00f6ver \u2013 lyckad helg trots ov\u00e4der<\/a>&nbsp;&nbsp;Sveriges Radio<\/li>\n<li><a href=\"https:\/\/news.google.com\/rss\/articles\/CBMi7wFBVV95cUxNWEh2N2V5NXdsb1FYUDRkUUY4bVI5TUtYMHhRU1psY09ISFUyNEUyQTA3OE5KYkxpZkxERzk4MnJyVWpNd01lSjJldTZHckppdGltQk1HWkhkM1k1X2t4c2lsOVZ6TlRsNjkxMUp2RTJqb3Jmc3FxUG85VG5sVjZ3Sjc1bi1LZ2JoZFFNTzladzQ4Y3JMQU9uS0VWbGRQQWxqRXNnUDVTUTk1a1dxdFczTTB3UHp1aUJqUENDQ3lKZkY1Q3lIdmZTVlJUaF95YnFXaUhiUDBSRTF2ZnFEYXNRa1pURC1DcWNCb19PV2FnVQ?oc=5\" target=\"_blank\" rel=\"nofollow noopener\">Janne Bark p\u00e5 Musselbaren i Ljungskile om galna helgen p\u00e5 G\u00f6teborgskalaset<\/a>&nbsp;&nbsp;Bohusl\u00e4ningen<\/li>\n<li><a href=\"https:\/\/news.google.com\/rss\/articles\/CBMitAFBVV95cUxNaVV4cUNqTFFRX2s5WWU5YnJ0QTFxczVkSDhrSGduWG9WVkl2STRhZDNVSHBNQXM5TlBFdmluX293QV9IdGVOQnJCcU1Sd0NHanZWOFZVTGdZWmpiNV9ESTNnS3REc1M1eDJzeTZXNGdFMWRnaThoUExWTXI0ZUZ1bmRKUk9lMGVEempxNjBmbEtIOEk4di1zM05YbkE5X3B3a0JPam9zS1JRYktVLWZpZjgwb0I?oc=5\" target=\"_blank\" rel=\"nofollow noopener\">Musselsucc\u00e9 p\u00e5 Avenyn \u2013 500 portioner p\u00e5 tre timmar<\/a>&nbsp;&nbsp;G\u00f6teborgs-Posten<\/li>\n<li><a href=\"https:\/\/news.google.com\/rss\/articles\/CBMiUkFVX3lxTFBWY1BpelpvdG9FcFB0MWFvRGlhdmh0MHFwRFlkTmRFbVRUYW9SREZQQkFkLVBZdVE2T2xRT1FnLVFvUzBXZUxGS3dPbjkwSnV0bVE?oc=5\" target=\"_blank\" rel=\"nofollow noopener\">G\u00f6teborgskalaset 2026: program, artister och tider dag f\u00f6r dag<\/a>&nbsp;&nbsp;HurBra.se<\/li>\n<li><a href=\"https:\/\/news.google.com\/rss\/articles\/CBMijAFBVV95cUxQd0FPYXpQbDBGazl0T1pGZmN0bWFoTF90ejFrN2ZZX1BENGVqeHlvVzNxQXB3ZDB0UGJRRHlaUTl0UnBXejhhb2VQcXVxV3h6UVAxempSdmFESWFBRFBIekF5NDZFUnRTNmdSQkpfRjBWT3EwQUM5STEzVnFtdktlbWtIUFpGZzRZcndjWA?oc=5\" target=\"_blank\" rel=\"nofollow noopener\">Mer mat p\u00e5 \u00e5rets G\u00f6teborgskalas<\/a>&nbsp;&nbsp;Time Out Worldwide<\/li>\n<\/ol>\n","protected":false},"excerpt":{"rendered":"G\u00f6teborgskalaset \u00f6ver \u2013 lyckad helg trots ov\u00e4der&nbsp;&nbsp;Sveriges Radio Janne Bark p\u00e5 Musselbaren i Ljungskile om galna helgen p\u00e5&hellip;\n","protected":false},"author":2,"featured_media":359471,"comment_status":"","ping_status":"","sticky":false,"template":"","format":"standard","meta":{"footnotes":"","_share_on_mastodon":"0"},"categories":[67],"tags":[104,34,31,33,32,30,105],"class_list":["post-359470","post","type-post","status-publish","format-standard","has-post-thumbnail","category-underhallning","tag-entertainment","tag-se","tag-svenska","tag-sverige","tag-sweden","tag-swedish","tag-underhallning"],"share_on_mastodon":{"url":"https:\/\/pubeurope.com\/@se\/117191073476290312","error":""},"_links":{"self":[{"href":"https:\/\/www.europesays.com\/se\/wp-json\/wp\/v2\/posts\/359470","targetHints":{"allow":["GET"]}}],"collection":[{"href":"https:\/\/www.europesays.com\/se\/wp-json\/wp\/v2\/posts"}],"about":[{"href":"https:\/\/www.europesays.com\/se\/wp-json\/wp\/v2\/types\/post"}],"author":[{"embeddable":true,"href":"https:\/\/www.europesays.com\/se\/wp-json\/wp\/v2\/users\/2"}],"replies":[{"embeddable":true,"href":"https:\/\/www.europesays.com\/se\/wp-json\/wp\/v2\/comments?post=359470"}],"version-history":[{"count":0,"href":"https:\/\/www.europesays.com\/se\/wp-json\/wp\/v2\/posts\/359470\/revisions"}],"wp:featuredmedia":[{"embeddable":true,"href":"https:\/\/www.europesays.com\/se\/wp-json\/wp\/v2\/media\/359471"}],"wp:attachment":[{"href":"https:\/\/www.europesays.com\/se\/wp-json\/wp\/v2\/media?parent=359470"}],"wp:term":[{"taxonomy":"category","embeddable":true,"href":"https:\/\/www.europesays.com\/se\/wp-json\/wp\/v2\/categories?post=359470"},{"taxonomy":"post_tag","embeddable":true,"href":"https:\/\/www.europesays.com\/se\/wp-json\/wp\/v2\/tags?post=359470"}],"curies":[{"name":"wp","href":"https:\/\/api.w.org\/{rel}","templated":true}]}}