{"id":359514,"date":"2026-08-31T17:04:20","date_gmt":"2026-08-31T17:04:20","guid":{"rendered":"https:\/\/www.europesays.com\/se\/359514\/"},"modified":"2026-08-31T17:04:20","modified_gmt":"2026-08-31T17:04:20","slug":"spannande-scenpoeter-till-live-at-heart-lyric-orebronyheter","status":"publish","type":"post","link":"https:\/\/www.europesays.com\/se\/359514\/","title":{"rendered":"Sp\u00e4nnande scenpoeter till Live at heart: Lyric \u2013 \u00d6rebronyheter"},"content":{"rendered":"<p>\t\t\t\t\t\t\t\t<img width=\"300\" height=\"336\" src=\"https:\/\/www.europesays.com\/se\/wp-content\/uploads\/2026\/08\/srnzr-300x336.jpg\" class=\"attachment-post-thumb size-post-thumb wp-post-image\" alt=\"\" decoding=\"async\" fetchpriority=\"high\"  \/>\t\t\t\t\t\t\t\t\t\t\t\t\t\t\t\t\tSara Nazari<\/p>\n<p>Foto: Paulina Thor\u00e9n<\/p>\n<p><strong> Ett flertal sp\u00e4nnande scenpoeter kommer till Live at hearts egen poesiscen Live at heart: Lyric p\u00e5 l\u00f6rdag.<\/strong><\/p>\n<p>\u2014 Vi f\u00e5r bland annat m\u00f6ta Sara Nazari, hon \u00e4r en av de st\u00f6rsta just nu inom Spoken word i Sverige, s\u00e4ger Michael Horvath, poet och arrang\u00f6r.<\/p>\n<p>Live at heart: Lyric vill lyfta fram lyriken som scenkonst, samt skapa en \u00e5terkommande plattform f\u00f6r lokala och bes\u00f6kande poeter i \u00d6rebro. Arrangemanget m\u00f6jligg\u00f6rs av ett samarbete mellan Live at heart och Region \u00d6rebro l\u00e4ns litteraturverksamhet.<\/p>\n<p>Till \u00e5rets upplaga, i Teaterladan i Wadk\u00f6ping den 5 september klockan 16.30, kommer Ingrid Stenlund, Isak Augustsson, Louise Geller och Erik Malm. Inleder kv\u00e4llen g\u00f6r Sara Nazari.<\/p>\n<p>\u2014 Sara Nazari har fyllt parker och teatrar i Stockholm med tusentals nyv\u00e4ckta poesiintresserade. Vem passar inte b\u00e4ttre att inleda Live at Heart: Lyric 2026? Hon sprider rytm, r\u00f6st och v\u00e4rme, s\u00e4ger Michael Horvath.<\/p>\n<p>N\u00e4r Ingrid Stenlund och Isak Augustsson samarbetar m\u00f6ts musik och poesi, 2025 sl\u00e4pptes deras debutskiva \u201dMen vilket \u00e4ventyr va!?\u201d d\u00e4r nyskriven modern jazz m\u00f6ter Spoken word. Nu kommer de till Live at heart: Lyric f\u00f6r att framf\u00f6ra sina verk.<\/p>\n<p>\u2014 Musik och poesi har m\u00e5nga ber\u00f6ringspunkter och det \u00e4r sp\u00e4nnande att se vad som h\u00e4nder n\u00e4r konstformerna m\u00f6ts. Vi tycker att det \u00e4r v\u00e4rdefullt f\u00f6r fr\u00e4mjandet av litteratur i regionen att m\u00f6jligg\u00f6ra f\u00f6r en poesiscen under Live at heart, s\u00e4ger Johanna Berglund, utvecklingsledare litteratur, Region \u00d6rebro l\u00e4n.\u00a0<\/p>\n<p><strong>Medverkande Live at heart lyric 2026<\/strong><\/p>\n<ul>\n<li><strong>Sara Nazaris<\/strong> numera k\u00e4nda dikt om musik som m\u00e4nsklighetens f\u00f6renare var en mellanakt i Melodifestivalen 2022. Sedan dess har Sara bara fortsatt utveckla Spoken word, med och utan musik och har upptr\u00e4tt i Nyhetsmorgon, Musikhj\u00e4lpen samt fyllt parker och teatrar i Stockholm med tusentals nyv\u00e4ckta poesiintresserade.<\/li>\n<li><strong>Ingrid Stenlund,<\/strong> scenpoet och svensk m\u00e4stare i Poetry Slam 2024, och musikern Isak Augustsson har tidigare samarbetat under projektet High Class Hermit \u2013 Sveriges mest avl\u00e5nga band. 2025 sl\u00e4pptes debutskivan \u201dMen vilket \u00e4ventyr va!?\u201d. Nu forts\u00e4tter samarbetet live i ett lyh\u00f6rt samspel mellan underfundig poesi och lekfull improvisation!<\/li>\n<li><strong>Michael Horvath<\/strong> l\u00e4ser utdrag ur sin nya vardags-opera-komedi Mundana Commedia, tillsammans med sopranen Louise Geller.<\/li>\n<li><strong>Erik Malm,<\/strong> \u00f6rebropoet och bildl\u00e4rare l\u00e4ser dikter.\u00a0<\/li>\n<\/ul>\n<p>Live at heart: Lyric \u00e4ger rum i Teaterladan i Wadk\u00f6ping i \u00d6rebro, den 5 september klockan 16.30.<\/p>\n<p><strong>Kultur | \u00d6rebro<\/strong><br \/><strong>\u00d6rebronyheter<\/strong><\/p>\n<p>K\u00e4lla: Region \u00d6rebro l\u00e4n<\/p>\n<p><a href=\"https:\/\/www.orebronyheter.com\/\" rel=\"nofollow noopener\" target=\"_blank\">\u00ab Tillbaka till startsidan<\/a><\/p>\n","protected":false},"excerpt":{"rendered":"Sara Nazari Foto: Paulina Thor\u00e9n Ett flertal sp\u00e4nnande scenpoeter kommer till Live at hearts egen poesiscen Live at&hellip;\n","protected":false},"author":2,"featured_media":359515,"comment_status":"","ping_status":"","sticky":false,"template":"","format":"standard","meta":{"footnotes":"","_share_on_mastodon":"0"},"categories":[67],"tags":[104,34,31,33,32,30,105],"class_list":["post-359514","post","type-post","status-publish","format-standard","has-post-thumbnail","category-underhallning","tag-entertainment","tag-se","tag-svenska","tag-sverige","tag-sweden","tag-swedish","tag-underhallning"],"share_on_mastodon":{"url":"https:\/\/pubeurope.com\/@se\/117191210937205830","error":""},"_links":{"self":[{"href":"https:\/\/www.europesays.com\/se\/wp-json\/wp\/v2\/posts\/359514","targetHints":{"allow":["GET"]}}],"collection":[{"href":"https:\/\/www.europesays.com\/se\/wp-json\/wp\/v2\/posts"}],"about":[{"href":"https:\/\/www.europesays.com\/se\/wp-json\/wp\/v2\/types\/post"}],"author":[{"embeddable":true,"href":"https:\/\/www.europesays.com\/se\/wp-json\/wp\/v2\/users\/2"}],"replies":[{"embeddable":true,"href":"https:\/\/www.europesays.com\/se\/wp-json\/wp\/v2\/comments?post=359514"}],"version-history":[{"count":0,"href":"https:\/\/www.europesays.com\/se\/wp-json\/wp\/v2\/posts\/359514\/revisions"}],"wp:featuredmedia":[{"embeddable":true,"href":"https:\/\/www.europesays.com\/se\/wp-json\/wp\/v2\/media\/359515"}],"wp:attachment":[{"href":"https:\/\/www.europesays.com\/se\/wp-json\/wp\/v2\/media?parent=359514"}],"wp:term":[{"taxonomy":"category","embeddable":true,"href":"https:\/\/www.europesays.com\/se\/wp-json\/wp\/v2\/categories?post=359514"},{"taxonomy":"post_tag","embeddable":true,"href":"https:\/\/www.europesays.com\/se\/wp-json\/wp\/v2\/tags?post=359514"}],"curies":[{"name":"wp","href":"https:\/\/api.w.org\/{rel}","templated":true}]}}