{"id":359522,"date":"2026-08-31T17:12:18","date_gmt":"2026-08-31T17:12:18","guid":{"rendered":"https:\/\/www.europesays.com\/se\/359522\/"},"modified":"2026-08-31T17:12:18","modified_gmt":"2026-08-31T17:12:18","slug":"magnus-ringgren-om-jupiters-manar-i-uppsala","status":"publish","type":"post","link":"https:\/\/www.europesays.com\/se\/359522\/","title":{"rendered":"Magnus Ringgren om Jupiters m\u00e5nar i Uppsala"},"content":{"rendered":"<p>Uppsalaf\u00f6rfattaren Magnus Ringgren g\u00e4star Uppsala Bokhandel p\u00e5 onsdag 2 september f\u00f6r ett samtal om &#8221;Jupiters m\u00e5nar. Poesi 1984\u20132024&#8221;.\u00a0<\/p>\n<p>Samtalet \u00e4ger rum klockan 17 och leds av Erik Bergqvist, poet, ess\u00e4ist, kritiker och \u00f6vers\u00e4ttare.<\/p>\n<p>Boken \u00e4r Ringgrens senaste utg\u00e5va d\u00e4r han samlar dikter fr\u00e5n fyra decennier och inneh\u00e5ller \u00e4ven en nyskriven svit. Sedan utgivningen i april har volymen hyllats i bland annat UNT, d\u00e4r Ringgrens lekfulla spr\u00e5k och f\u00f6rm\u00e5ga att f\u00e5 l\u00e4saren att se v\u00e4rlden ur nya perspektiv har lyfts fram.<\/p>\n","protected":false},"excerpt":{"rendered":"Uppsalaf\u00f6rfattaren Magnus Ringgren g\u00e4star Uppsala Bokhandel p\u00e5 onsdag 2 september f\u00f6r ett samtal om &#8221;Jupiters m\u00e5nar. Poesi 1984\u20132024&#8221;.\u00a0&hellip;\n","protected":false},"author":2,"featured_media":359523,"comment_status":"","ping_status":"","sticky":false,"template":"","format":"standard","meta":{"footnotes":"","_share_on_mastodon":"0"},"categories":[67],"tags":[104,34,31,33,32,30,105],"class_list":["post-359522","post","type-post","status-publish","format-standard","has-post-thumbnail","category-underhallning","tag-entertainment","tag-se","tag-svenska","tag-sverige","tag-sweden","tag-swedish","tag-underhallning"],"share_on_mastodon":{"url":"https:\/\/pubeurope.com\/@se\/117191242364570400","error":""},"_links":{"self":[{"href":"https:\/\/www.europesays.com\/se\/wp-json\/wp\/v2\/posts\/359522","targetHints":{"allow":["GET"]}}],"collection":[{"href":"https:\/\/www.europesays.com\/se\/wp-json\/wp\/v2\/posts"}],"about":[{"href":"https:\/\/www.europesays.com\/se\/wp-json\/wp\/v2\/types\/post"}],"author":[{"embeddable":true,"href":"https:\/\/www.europesays.com\/se\/wp-json\/wp\/v2\/users\/2"}],"replies":[{"embeddable":true,"href":"https:\/\/www.europesays.com\/se\/wp-json\/wp\/v2\/comments?post=359522"}],"version-history":[{"count":0,"href":"https:\/\/www.europesays.com\/se\/wp-json\/wp\/v2\/posts\/359522\/revisions"}],"wp:featuredmedia":[{"embeddable":true,"href":"https:\/\/www.europesays.com\/se\/wp-json\/wp\/v2\/media\/359523"}],"wp:attachment":[{"href":"https:\/\/www.europesays.com\/se\/wp-json\/wp\/v2\/media?parent=359522"}],"wp:term":[{"taxonomy":"category","embeddable":true,"href":"https:\/\/www.europesays.com\/se\/wp-json\/wp\/v2\/categories?post=359522"},{"taxonomy":"post_tag","embeddable":true,"href":"https:\/\/www.europesays.com\/se\/wp-json\/wp\/v2\/tags?post=359522"}],"curies":[{"name":"wp","href":"https:\/\/api.w.org\/{rel}","templated":true}]}}