{"id":359530,"date":"2026-08-31T17:21:08","date_gmt":"2026-08-31T17:21:08","guid":{"rendered":"https:\/\/www.europesays.com\/se\/359530\/"},"modified":"2026-08-31T17:21:08","modified_gmt":"2026-08-31T17:21:08","slug":"taverna-oppnar-pa-sodermalm-folkligt-medelhav","status":"publish","type":"post","link":"https:\/\/www.europesays.com\/se\/359530\/","title":{"rendered":"Taverna \u00f6ppnar p\u00e5 S\u00f6dermalm: &#8221;Folkligt Medelhav&#8221;"},"content":{"rendered":"<p class=\"ort\">S\u00f6dermalm<\/p>\n<p class=\"text\">Mer medelhavsmat \u00e4r att v\u00e4nta p\u00e5 S\u00f6dermalm n\u00e4r krogen Bata \u00f6ppnar p\u00e5 Hornsgatan 65. I gatuplan v\u00e4ntar kolgrill och taverna och i k\u00e4llaren blir det bar och musik.<\/p>\n<p class=\"text\">\u2013\u00a0H\u00e4r blir det l\u00e4tt floskel-SM, men som andra kr\u00f6gare s\u00e4ger s\u00e5 vill vi ha ett livligt st\u00e4lle med avslappnad st\u00e4mning, s\u00e4ger kr\u00f6garen Tobias Nordahl.<\/p>\n<p class=\"text\">Han \u00e4r sedan tidigare del\u00e4gare i Caf\u00e9 Nizza p\u00e5 \u00c5s\u00f6gatan. Med sig till Bata har han kocken Cl\u00e9ment Mahieu, som ut\u00f6ver Nizza \u00e4ven har ett f\u00f6rflutet p\u00e5 krogen Bambi. I matv\u00e4g h\u00e4mtas inspirationen fr\u00e5n l\u00e4nderna runt Medelhavet. K\u00f6kets hj\u00e4rta kommer att vara den stora grill som nu h\u00e5ller p\u00e5 att muras.<\/p>\n<p class=\"text\">\u2013\u00a0Det blir enkel, redig matlagning. N\u00e5gon form av folkligt Medelhav.<\/p>\n<p><img decoding=\"async\" class=\"Image Image_\" src=\"\" data-aghref=\"http:\/\/www.mitti.se\/image-3.378873.303913.20260831170120.1.8b7f07b0b5\" data-agimagetype=\"hardcrop\" alt=\"En v\u00e5ning ner p\u00e5g\u00e5r arbetet med att f\u00f6rvandla k\u00e4llaren till en bar.\"\/><\/p>\n<p class=\"Caption\">En v\u00e5ning ner p\u00e5g\u00e5r arbetet med att f\u00f6rvandla k\u00e4llaren till en bar.<\/p>\n<p class=\"Source\">Privat<\/p>\n<p>Stor k\u00e4llare<\/p>\n<p class=\"text\">H\u00e4r l\u00e5g tidigare second hand-butiken Herr Judit, som flyttade till lokalen intill n\u00e4r hela fastigheten nyligen renoverades. P\u00e5 Bata har sj\u00e4lva restaurangdelen rum f\u00f6r 40 sittande g\u00e4ster, men till lokalen h\u00f6r \u00e4ven en 450 kvadratmeter stor k\u00e4llare. Den har varit uppdelad och i huvudsak anv\u00e4nts f\u00f6r f\u00f6rvaring. Nu v\u00e4ntar ett rej\u00e4lt ansiktslyft.<\/p>\n<p class=\"text\">\u2013 Grunden i vad vi g\u00f6r d\u00e4r \u00e4r en bar i dess vanligaste bem\u00e4rkelse. Dryck, musik och kul, s\u00e4ger Tobias Nordahl.<\/p>\n<p><img decoding=\"async\" class=\"Image Image_\" src=\"\" data-aghref=\"http:\/\/www.mitti.se\/image-3.378863.303913.20260831170120.1.071c8d0f14\" data-agimagetype=\"hardcrop\" alt=\"Kolgrillen ska vara hj\u00e4rtat i restaurangen.\"\/><\/p>\n<p class=\"Caption\">Kolgrillen ska vara hj\u00e4rtat i restaurangen.<\/p>\n<p class=\"Source\">Privat<\/p>\n<p>Gammal biljardspelare<\/p>\n<p class=\"text\">&#8221;Bata&#8221; \u00e4r namnet p\u00e5 ett av v\u00e4rldens st\u00f6rsta skof\u00f6retag, men det \u00e4r inte d\u00e4rifr\u00e5n namnet \u00e4r h\u00e4mtat. Inspirationen \u00e4r i st\u00e4llet den filippinske biljardlegendaren Efren &#8221;Bata&#8221; Reyes.<\/p>\n<p class=\"text\">\u2013 Han \u00e4r en av de fr\u00e4msta spelarna genom tiderna. Och jag \u00e4r gammal biljardspelare. Jag har vetat att restaurangen ska heta det i 20 \u00e5r, f\u00f6r det \u00e4r ett j\u00e4kla bra namn.<\/p>\n<p class=\"text\">F\u00f6rhoppningen \u00e4r att sl\u00e5 upp portarna andra halvan av september.<\/p>\n","protected":false},"excerpt":{"rendered":"S\u00f6dermalm Mer medelhavsmat \u00e4r att v\u00e4nta p\u00e5 S\u00f6dermalm n\u00e4r krogen Bata \u00f6ppnar p\u00e5 Hornsgatan 65. I gatuplan v\u00e4ntar&hellip;\n","protected":false},"author":2,"featured_media":359531,"comment_status":"","ping_status":"","sticky":false,"template":"","format":"standard","meta":{"footnotes":"","_share_on_mastodon":"0"},"categories":[67],"tags":[104,34,31,33,32,30,105],"class_list":["post-359530","post","type-post","status-publish","format-standard","has-post-thumbnail","category-underhallning","tag-entertainment","tag-se","tag-svenska","tag-sverige","tag-sweden","tag-swedish","tag-underhallning"],"share_on_mastodon":{"url":"https:\/\/pubeurope.com\/@se\/117191278173255476","error":""},"_links":{"self":[{"href":"https:\/\/www.europesays.com\/se\/wp-json\/wp\/v2\/posts\/359530","targetHints":{"allow":["GET"]}}],"collection":[{"href":"https:\/\/www.europesays.com\/se\/wp-json\/wp\/v2\/posts"}],"about":[{"href":"https:\/\/www.europesays.com\/se\/wp-json\/wp\/v2\/types\/post"}],"author":[{"embeddable":true,"href":"https:\/\/www.europesays.com\/se\/wp-json\/wp\/v2\/users\/2"}],"replies":[{"embeddable":true,"href":"https:\/\/www.europesays.com\/se\/wp-json\/wp\/v2\/comments?post=359530"}],"version-history":[{"count":0,"href":"https:\/\/www.europesays.com\/se\/wp-json\/wp\/v2\/posts\/359530\/revisions"}],"wp:featuredmedia":[{"embeddable":true,"href":"https:\/\/www.europesays.com\/se\/wp-json\/wp\/v2\/media\/359531"}],"wp:attachment":[{"href":"https:\/\/www.europesays.com\/se\/wp-json\/wp\/v2\/media?parent=359530"}],"wp:term":[{"taxonomy":"category","embeddable":true,"href":"https:\/\/www.europesays.com\/se\/wp-json\/wp\/v2\/categories?post=359530"},{"taxonomy":"post_tag","embeddable":true,"href":"https:\/\/www.europesays.com\/se\/wp-json\/wp\/v2\/tags?post=359530"}],"curies":[{"name":"wp","href":"https:\/\/api.w.org\/{rel}","templated":true}]}}