{"id":359538,"date":"2026-08-31T17:30:15","date_gmt":"2026-08-31T17:30:15","guid":{"rendered":"https:\/\/www.europesays.com\/se\/359538\/"},"modified":"2026-08-31T17:30:15","modified_gmt":"2026-08-31T17:30:15","slug":"k-svensson-batikhaxorna-deenda-rimliga-i-politiken","status":"publish","type":"post","link":"https:\/\/www.europesays.com\/se\/359538\/","title":{"rendered":"K SVENSSON: Batikh\u00e4xorna \u2013 de\nenda rimliga i politiken"},"content":{"rendered":"<p>Publicerad 31 aug 2026 kl 15.41<\/p>\n<p>Med tv\u00e5 veckor kvar till valet forts\u00e4tter Expressen Kultur serien om politik och nationella sj\u00e4lvinsikter.<br \/>K Svensson st\u00e5r vid katedern, redo med pekpinne och griffeltavla.<br \/>Lektion 3: Skaffa en politisk kosmologi.<\/p>\n<p><img   alt=\"\"\/><\/p>\n<p>Lantbruksminister Peter Kullgren tycker att barn ska \u00e4ta mycket mer k\u00f6tt.<\/p>\n<p>Foto: Pontus Lundahl \/ TT NYHETSBYR\u00c5N<\/p>\n<p>\u00d6ppna bild i helsk\u00e4rm<img loading=\"lazy\"   alt=\"\"\/><\/p>\n<p>K Svensson \u00e4r komiker och skribent p\u00e5 Expressens kultursida.<\/p>\n<p>Foto: Roger Turesson \/ DN TT NYHETSBYR\u00c5N<\/p>\n<p>\u00d6ppna bild i helsk\u00e4rm<\/p>\n<p><strong>VALET 2026. <\/strong>Jag var nyligen hemma hos en familj d\u00e4r mannen best\u00e4mde. Han inredde och lagade maten och det var verkligen inget fel p\u00e5 vare sig maten eller designstolarna. \u00c4nd\u00e5 vilade det n\u00e5got naturvidrigt \u00f6ver hemmet. \u00c4ven i mycket kvinnofientliga kulturer, kanske framf\u00f6r allt i dem, \u00e4r man \u00f6verens om att det blir mysigast om kvinnan best\u00e4mmer hemma.\u00a0<\/p>\n<p>N\u00e4r <strong>Newton<\/strong> formulerade sina lagar bekr\u00e4ftade han mystikernas gamla utg\u00e5ngspunkt, s\u00e5 som den uttrycks p\u00e5 Tabula smaragdina: \u201ddet som \u00e4r ovan \u00e4r s\u00e5som det som \u00e4r nedan\u201d. De lagar som r\u00e5der p\u00e5 jorden g\u00e4ller f\u00f6r hela universum, \u00e4ven f\u00f6r politiken. Om du inte redan har en, \u00e4r det h\u00f6g tid att du skaffar dig en politisk kosmologi.\u00a0<\/p>\n<p>Ur ett kosmologiskt perspektiv har tv\u00e5 principer varit s\u00e4rskilt viktiga detta val\u00e5r, den manliga och den kvinnliga. Unders\u00f6kningar visar att m\u00e4n och kvinnor r\u00f6star olika, s\u00e5 var det \u00e4ven i den k\u00f6nsseparande folkomr\u00f6stningen om k\u00e4rnkraft.<\/p>\n<blockquote><p>Bort med batikh\u00e4xorna, ut med flummarna.<\/p><\/blockquote>\n<p>Kvinnor \u00e4r r\u00f6dgr\u00f6na och m\u00e4n r\u00f6star p\u00e5 Tid\u00f6. Det beror inte p\u00e5 att kvinnor \u00e4r dumma, som n\u00e5gon stor t\u00e4nkare f\u00f6reslog. Det \u00e4r ett uttryck f\u00f6r att ingen av sidorna lyckas f\u00f6rena b\u00e5de den manliga och den kvinnliga principen.\u00a0<\/p>\n<p>V\u00e5r tids \u00f6vertro p\u00e5 representation kan ge bilden av ett k\u00f6nsm\u00e4ssigt balanserat Tid\u00f6samarbete, tv\u00e5 kvinnliga och tv\u00e5 manliga partiledare \u2013 men denna form av representation, som r\u00e4knas i antal kroppar, ligger tunt \u00f6ver den politik som f\u00f6rts, hur den kommunicerats ut. Det \u00e4r f\u00f6rsvarsfr\u00e5gor, kriminalitet, ordning och reda och k\u00f6ttbit p\u00e5 fredag, en mer realistisk, f\u00f6r att inte s\u00e4ga f\u00f6rnuftig, migrationspolitik. Bort med batikh\u00e4xorna, ut med flummarna, r\u00e4dda inte v\u00e5tmarkerna.<\/p>\n<blockquote><p>Barns r\u00e4tt till dagligt industrik\u00f6tt lyfts fram.<\/p><\/blockquote>\n<p>Den manliga principen har varit s\u00e5 dominerande i svensk politik att den till\u00e5tits sl\u00e5 \u00f6ver i groteskeri. Barns r\u00e4tt till dagligt industrik\u00f6tt lyfts fram, trots att en s\u00e5n kost skulle g\u00e5 p\u00e5 tv\u00e4rs med alla t\u00e4nkbara rekommendationer och svensk kulturhistoria. Den som kr\u00e4ver detta \u00e4r ingen kommentarsf\u00e4ltsgalning utan lantbruksministern sj\u00e4lv.\u00a0<\/p>\n<p>\u00c4r det konstigt att folk i allm\u00e4nhet \u2013 och kvinnor i synnerhet \u2013 \u00e4r tr\u00f6tta p\u00e5 denna dominerande princip? Inte det minsta, ur ett kosmologiskt perspektiv.\u00a0<\/p>\n<p>K Svensson \u00e4r komiker och skribent p\u00e5 Expressens kultursida.<\/p>\n<p>TIDIGARE POLITISKA LEKTIONER AV K SVENSSON<\/p>\n<p><a href=\"https:\/\/www.expressen.se\/kultur\/rasbiologin-visar-oss-hon-ar-nasta-statsminister\/\" rel=\"nofollow noopener\" target=\"_blank\"><strong>LEKTION 1: D\u00f6m hunden efter h\u00e5ren<\/strong><\/a><strong\/><\/p>\n<p><a href=\"https:\/\/www.expressen.se\/kultur\/nooshi-dadgostars-drag-ar-motbjudande\" rel=\"nofollow noopener\" target=\"_blank\"><strong>LEKTION 2: Politiska icks<\/strong><\/a><strong>\u00a0<\/strong><\/p>\n<p>Visa mer<strong>L\u00c4S MER: <\/strong><a href=\"https:\/\/www.expressen.se\/kultur\/nooshi-dadgostars-drag-ar-motbjudande\/\" class=\"\" rel=\"nofollow noopener\" target=\"_blank\">Nooshi Dadgostars drag \u00e4r motbjudande<\/a><\/p>\n","protected":false},"excerpt":{"rendered":"Publicerad 31 aug 2026 kl 15.41 Med tv\u00e5 veckor kvar till valet forts\u00e4tter Expressen Kultur serien om politik&hellip;\n","protected":false},"author":2,"featured_media":359539,"comment_status":"","ping_status":"","sticky":false,"template":"","format":"standard","meta":{"footnotes":"","_share_on_mastodon":"0"},"categories":[67],"tags":[104,15908,35031,6259,34,31,33,32,30,105],"class_list":["post-359538","post","type-post","status-publish","format-standard","has-post-thumbnail","category-underhallning","tag-entertainment","tag-expressen","tag-expressen-kultur","tag-inrikespolitik","tag-se","tag-svenska","tag-sverige","tag-sweden","tag-swedish","tag-underhallning"],"share_on_mastodon":{"url":"https:\/\/pubeurope.com\/@se\/117191313184923208","error":""},"_links":{"self":[{"href":"https:\/\/www.europesays.com\/se\/wp-json\/wp\/v2\/posts\/359538","targetHints":{"allow":["GET"]}}],"collection":[{"href":"https:\/\/www.europesays.com\/se\/wp-json\/wp\/v2\/posts"}],"about":[{"href":"https:\/\/www.europesays.com\/se\/wp-json\/wp\/v2\/types\/post"}],"author":[{"embeddable":true,"href":"https:\/\/www.europesays.com\/se\/wp-json\/wp\/v2\/users\/2"}],"replies":[{"embeddable":true,"href":"https:\/\/www.europesays.com\/se\/wp-json\/wp\/v2\/comments?post=359538"}],"version-history":[{"count":0,"href":"https:\/\/www.europesays.com\/se\/wp-json\/wp\/v2\/posts\/359538\/revisions"}],"wp:featuredmedia":[{"embeddable":true,"href":"https:\/\/www.europesays.com\/se\/wp-json\/wp\/v2\/media\/359539"}],"wp:attachment":[{"href":"https:\/\/www.europesays.com\/se\/wp-json\/wp\/v2\/media?parent=359538"}],"wp:term":[{"taxonomy":"category","embeddable":true,"href":"https:\/\/www.europesays.com\/se\/wp-json\/wp\/v2\/categories?post=359538"},{"taxonomy":"post_tag","embeddable":true,"href":"https:\/\/www.europesays.com\/se\/wp-json\/wp\/v2\/tags?post=359538"}],"curies":[{"name":"wp","href":"https:\/\/api.w.org\/{rel}","templated":true}]}}