{"id":359548,"date":"2026-08-31T17:38:11","date_gmt":"2026-08-31T17:38:11","guid":{"rendered":"https:\/\/www.europesays.com\/se\/359548\/"},"modified":"2026-08-31T17:38:11","modified_gmt":"2026-08-31T17:38:11","slug":"lisa-ajax-gravid-vantar-tvillingar","status":"publish","type":"post","link":"https:\/\/www.europesays.com\/se\/359548\/","title":{"rendered":"Lisa Ajax gravid \u2013 v\u00e4ntar tvillingar"},"content":{"rendered":"<p>   Gratuleras av Melloveteranerna<a class=\"_link_1lr5y_108\" href=\"https:\/\/aftonbladet.se\/av\/aftonbladet-noje\" title=\"Aftonbladet N\u00f6je\" rel=\"nofollow noopener\" target=\"_blank\"><img alt=\"Bild av Aftonbladet N\u00f6je\" class=\"_image_1lr5y_85\" fetchpriority=\"low\" decoding=\"async\" itemprop=\"image\" loading=\"lazy\"  src=\"https:\/\/www.europesays.com\/se\/wp-content\/uploads\/2026\/08\/1788197890_936_9e2797d4-19f3-4dc2-bf56-846113d474ae.png\"  width=\"480\"\/><\/a> <img alt=\"\" class=\"_image_1jxax_84 layout-component layout-wide\" data-fullscreen- data-track-element-type=\"Article image fullscreen\" data-track-name=\"ImageFullscreen\" fetchpriority=\"high\" decoding=\"sync\" loading=\"eager\" height=\"956\" itemprop=\"image\"  src=\"https:\/\/www.europesays.com\/se\/wp-content\/uploads\/2026\/08\/41bca71d-4bbd-3138-bfe5-49798d8ae513.png\"  style=\"object-position:0% 0%\" width=\"1120\"\/>  Foto: InstagramVisa mer<\/p>\n<p class=\"_textTheme_4io5p_1 _lead_16k26_2 _lead_3ue4t_18 layout-component layout-normal layout-padded _lead_o6m9k_5 _leadTheme_cypwp_1 body-large bold\">Artisten Lisa Ajax \u00e4r gravid.<\/p>\n<p class=\"_textTheme_4io5p_1 _lead_16k26_2 _lead_3ue4t_18 layout-component layout-normal layout-padded _lead_o6m9k_5 _leadTheme_cypwp_1 body-large bold\">Nu ska hon bli trebarnsmamma.<\/p>\n<p class=\"_textTheme_4io5p_1 _paragraph_16k26_4 _paragraph_3ue4t_27 layout-component layout-normal layout-padded body-medium\">\u201dVI SKA F\u00c5 TVILLINGAR!!!\u201d, skriver <strong class=\"_strong_16k26_20\">Lisa Ajax<\/strong>, 28, p\u00e5 <a href=\"https:\/\/www.instagram.com\/p\/DctgYb_iOJf\/?hl=en&amp;img_index=1\" class=\"_link_16k26_32\" rel=\"nofollow noopener\" target=\"_blank\">Instagram<\/a>.<\/p>\n<p class=\"_textTheme_4io5p_1 _paragraph_16k26_4 _paragraph_3ue4t_27 layout-component layout-normal layout-padded body-medium\">Artisten har sedan 2024 dottern <strong class=\"_strong_16k26_20\">Junie<\/strong>, tillsammans med f\u00e4stmannen <strong class=\"_strong_16k26_20\">Max \u201dKlockrent\u201d Huss<\/strong>, 30. I inl\u00e4gget ser man dotterns h\u00e4nder p\u00e5 Ajax mage.<\/p>\n<p> <img alt=\"\" class=\"_image_1jxax_84 layout-component layout-normal\" data-fullscreen- data-track-element-type=\"Article image fullscreen\" data-track-name=\"ImageFullscreen\" decoding=\"async\" loading=\"lazy\" height=\"951\" itemprop=\"image\"  src=\"https:\/\/www.europesays.com\/se\/wp-content\/uploads\/2026\/08\/2adfa04c-93b3-3166-927b-a04edf2448c0.png\"  style=\"object-position:0% 0%\" width=\"1126\"\/> Foto: InstagramVisa mer <\/p>\n<p class=\"_textTheme_4io5p_1 _paragraph_16k26_4 _paragraph_3ue4t_27 layout-component layout-normal layout-padded body-medium\">I kommentarsf\u00e4ltet gratuleras artisten av flera stora k\u00e4ndisar, d\u00e4ribland melloveteranerna <strong class=\"_strong_16k26_20\">Medina<\/strong>, <strong class=\"_strong_16k26_20\">Jessica Andersson<\/strong> och <strong class=\"_strong_16k26_20\">Axel Schylstr\u00f6m<\/strong>.  <\/p>\n<p class=\"_textTheme_4io5p_1 _paragraph_16k26_4 _paragraph_3ue4t_27 layout-component layout-normal layout-padded body-medium\">\u201d\u00c5\u00e5\u00e5\u00e5\u00e5h vad fint!!!! grattis!!!!\u201d, skriver \u00e4ven programledaren <strong class=\"_strong_16k26_20\">Kristina \u201dKeyyo\u201d Petrushina<\/strong>.<\/p>\n<p class=\"_textTheme_4io5p_1 _paragraph_16k26_4 _paragraph_3ue4t_27 layout-component layout-normal layout-padded body-medium\">\u201dStort grattis\u201d, h\u00e4lsar influencern <strong class=\"_strong_16k26_20\">Josephine Qvist<\/strong>, f\u00f6ljt av hj\u00e4rtan.<\/p>\n<p>         <script async src=\"\/\/www.instagram.com\/embed.js\"><\/script><\/p>\n","protected":false},"excerpt":{"rendered":"Gratuleras av Melloveteranerna Foto: InstagramVisa mer Artisten Lisa Ajax \u00e4r gravid. Nu ska hon bli trebarnsmamma. \u201dVI SKA&hellip;\n","protected":false},"author":2,"featured_media":359549,"comment_status":"","ping_status":"","sticky":false,"template":"","format":"standard","meta":{"footnotes":"","_share_on_mastodon":"0"},"categories":[67],"tags":[104,40967,34,31,33,32,30,105],"class_list":["post-359548","post","type-post","status-publish","format-standard","has-post-thumbnail","category-underhallning","tag-entertainment","tag-lisa-ajax","tag-se","tag-svenska","tag-sverige","tag-sweden","tag-swedish","tag-underhallning"],"share_on_mastodon":{"url":"https:\/\/pubeurope.com\/@se\/117191344903306884","error":""},"_links":{"self":[{"href":"https:\/\/www.europesays.com\/se\/wp-json\/wp\/v2\/posts\/359548","targetHints":{"allow":["GET"]}}],"collection":[{"href":"https:\/\/www.europesays.com\/se\/wp-json\/wp\/v2\/posts"}],"about":[{"href":"https:\/\/www.europesays.com\/se\/wp-json\/wp\/v2\/types\/post"}],"author":[{"embeddable":true,"href":"https:\/\/www.europesays.com\/se\/wp-json\/wp\/v2\/users\/2"}],"replies":[{"embeddable":true,"href":"https:\/\/www.europesays.com\/se\/wp-json\/wp\/v2\/comments?post=359548"}],"version-history":[{"count":0,"href":"https:\/\/www.europesays.com\/se\/wp-json\/wp\/v2\/posts\/359548\/revisions"}],"wp:featuredmedia":[{"embeddable":true,"href":"https:\/\/www.europesays.com\/se\/wp-json\/wp\/v2\/media\/359549"}],"wp:attachment":[{"href":"https:\/\/www.europesays.com\/se\/wp-json\/wp\/v2\/media?parent=359548"}],"wp:term":[{"taxonomy":"category","embeddable":true,"href":"https:\/\/www.europesays.com\/se\/wp-json\/wp\/v2\/categories?post=359548"},{"taxonomy":"post_tag","embeddable":true,"href":"https:\/\/www.europesays.com\/se\/wp-json\/wp\/v2\/tags?post=359548"}],"curies":[{"name":"wp","href":"https:\/\/api.w.org\/{rel}","templated":true}]}}