{"id":359560,"date":"2026-08-31T17:46:32","date_gmt":"2026-08-31T17:46:32","guid":{"rendered":"https:\/\/www.europesays.com\/se\/359560\/"},"modified":"2026-08-31T17:46:32","modified_gmt":"2026-08-31T17:46:32","slug":"hathaway-och-cruise-gor-days-of-thunder-2","status":"publish","type":"post","link":"https:\/\/www.europesays.com\/se\/359560\/","title":{"rendered":"Hathaway och Cruise g\u00f6r \u201dDays of thunder\u201d"},"content":{"rendered":"<p>   <img alt=\"Tom Cruise och Anne Hathaway spelar tillsammans i ett nytt kapitel av \u201dDays of thunder\u201d.\" class=\"_image_1jxax_84 layout-component layout-wide\" data-fullscreen- data-track-element-type=\"Article image fullscreen\" data-track-name=\"ImageFullscreen\" fetchpriority=\"high\" decoding=\"sync\" loading=\"eager\" height=\"3000\" itemprop=\"image\"  src=\"https:\/\/www.europesays.com\/se\/wp-content\/uploads\/2026\/08\/1788198392_554_738ff0bc-864e-332e-a066-c6970c4aba30.jpeg\"  style=\"object-position:0% 0%\" width=\"4000\"\/>Tom Cruise och Anne Hathaway spelar tillsammans i ett nytt kapitel av \u201dDays of thunder\u201d.  Foto: Joel C Ryan\/Invision\/AP\/Jordan Strauss\/Invision\/AP\/TTVisa mer<\/p>\n<p class=\"_textTheme_4io5p_1 _lead_16k26_2 _lead_3ue4t_18 layout-component layout-normal layout-padded _lead_o6m9k_5 _leadTheme_cypwp_1 body-large bold\">Det kommer en uppf\u00f6ljare till racingfilmen \u201dDays of thunder\u201d. Tom Cruise ska reprisera sin originalroll j\u00e4mte Anne Hathaway, rapporterar <a href=\"https:\/\/variety.com\/2026\/film\/news\/anne-hathaway-tom-cruise-days-of-thunder-sequel-1236839347\/\" class=\"_link_16k26_32\" rel=\"nofollow noopener\" target=\"_blank\">Variety.<\/a><\/p>\n<p class=\"_textTheme_4io5p_1 _paragraph_16k26_4 _paragraph_3ue4t_27 layout-component layout-normal layout-padded body-medium\">Cruise \u00e5terv\u00e4nder som NASCAR-f\u00f6raren Cole Trickle, medan Hathaway spelar \u00e4gare och ingenj\u00f6r f\u00f6r ett racingstall. Jonathan Levine regisserar och Cruise producerar tillsammans med Jerry Bruckheimer och Tommy Harper.<\/p>\n<p class=\"_textTheme_4io5p_1 _paragraph_16k26_4 _paragraph_3ue4t_27 layout-component layout-normal layout-padded body-medium\">Filmen utspelar sig n\u00e4stan 40 \u00e5r efter Tony Scotts original fr\u00e5n 1990, d\u00e4r \u00e4ven Nicole Kidman, Robert Duvall, Randy Quaid och John C. Reilly medverkade.<\/p>\n<p class=\"_textTheme_4io5p_1 _paragraph_16k26_4 _paragraph_3ue4t_27 layout-component layout-normal layout-padded body-medium\">Premi\u00e4r f\u00f6r nya \u201dDays of thunder\u201d \u00e4r satt till 2 juni 2028.<\/p>\n","protected":false},"excerpt":{"rendered":"Tom Cruise och Anne Hathaway spelar tillsammans i ett nytt kapitel av \u201dDays of thunder\u201d. Foto: Joel C&hellip;\n","protected":false},"author":2,"featured_media":359561,"comment_status":"","ping_status":"","sticky":false,"template":"","format":"standard","meta":{"footnotes":"","_share_on_mastodon":"0"},"categories":[67],"tags":[30749,104,34,31,33,32,30,8238,105],"class_list":["post-359560","post","type-post","status-publish","format-standard","has-post-thumbnail","category-underhallning","tag-anne-hathaway","tag-entertainment","tag-se","tag-svenska","tag-sverige","tag-sweden","tag-swedish","tag-tom-cruise","tag-underhallning"],"share_on_mastodon":{"url":"https:\/\/pubeurope.com\/@se\/117191376529510855","error":""},"_links":{"self":[{"href":"https:\/\/www.europesays.com\/se\/wp-json\/wp\/v2\/posts\/359560","targetHints":{"allow":["GET"]}}],"collection":[{"href":"https:\/\/www.europesays.com\/se\/wp-json\/wp\/v2\/posts"}],"about":[{"href":"https:\/\/www.europesays.com\/se\/wp-json\/wp\/v2\/types\/post"}],"author":[{"embeddable":true,"href":"https:\/\/www.europesays.com\/se\/wp-json\/wp\/v2\/users\/2"}],"replies":[{"embeddable":true,"href":"https:\/\/www.europesays.com\/se\/wp-json\/wp\/v2\/comments?post=359560"}],"version-history":[{"count":0,"href":"https:\/\/www.europesays.com\/se\/wp-json\/wp\/v2\/posts\/359560\/revisions"}],"wp:featuredmedia":[{"embeddable":true,"href":"https:\/\/www.europesays.com\/se\/wp-json\/wp\/v2\/media\/359561"}],"wp:attachment":[{"href":"https:\/\/www.europesays.com\/se\/wp-json\/wp\/v2\/media?parent=359560"}],"wp:term":[{"taxonomy":"category","embeddable":true,"href":"https:\/\/www.europesays.com\/se\/wp-json\/wp\/v2\/categories?post=359560"},{"taxonomy":"post_tag","embeddable":true,"href":"https:\/\/www.europesays.com\/se\/wp-json\/wp\/v2\/tags?post=359560"}],"curies":[{"name":"wp","href":"https:\/\/api.w.org\/{rel}","templated":true}]}}