{"id":359570,"date":"2026-08-31T17:54:10","date_gmt":"2026-08-31T17:54:10","guid":{"rendered":"https:\/\/www.europesays.com\/se\/359570\/"},"modified":"2026-08-31T17:54:10","modified_gmt":"2026-08-31T17:54:10","slug":"lisa-ajax-dubbla-gravidlycka-efter-snackisen-under-forsta-graviditeten","status":"publish","type":"post","link":"https:\/\/www.europesays.com\/se\/359570\/","title":{"rendered":"Lisa Ajax dubbla gravidlycka \u2013 efter snackisen under f\u00f6rsta graviditeten"},"content":{"rendered":"<p>Uppdaterad 31 aug 2026 kl 19.18Publicerad 31 aug 2026 kl 19.11<\/p>\n<p>Dubbel gl\u00e4dje f\u00f6r Lisa Ajax!<\/p>\n<p>Artisten v\u00e4ntar tvillingar, meddelar hon p\u00e5 Instagram.<\/p>\n<p><img   alt=\"\"\/><\/p>\n<p>Lisa Ajax.<\/p>\n<p>Foto: Linus Bj\u00f6rkestedt \/ Expressen Mama<\/p>\n<p>\u00d6ppna bild i helsk\u00e4rm<img loading=\"lazy\"   alt=\"\"\/><\/p>\n<p>Artisten n\u00e4r hon medverkade i Melodifestivalen 2024.<\/p>\n<p>Foto: OLLE SPORRONG<\/p>\n<p>\u00d6ppna bild i helsk\u00e4rm<img loading=\"lazy\"   alt=\"\"\/> <\/p>\n<p>Foto: Instagram<\/p>\n<p>\u00d6ppna bild i helsk\u00e4rm<\/p>\n<p>Sist <a href=\"https:\/\/www.expressen.se\/tagg\/person\/lisa-ajax\/\" class=\"\" rel=\"nofollow noopener\" target=\"_blank\">Lisa Ajax<\/a>, 28, var gravid blev ett uttalande fr\u00e5n GP:s kulturchef Johan Hilton en snackis.<\/p>\n<p>N\u00e4r artisten upptr\u00e4dde i Melodifestivalen 2024 skrev han f\u00f6ljande p\u00e5 X:<\/p>\n<p>\u201dDet st\u00e5r en h\u00f6ggravid tolv\u00e5ring och sjunger i min tv.\u201d<\/p>\n<p>Inl\u00e4gget fick mycket kritik, raderades senare \u2013 och Johan Hilton bad om urs\u00e4kt.<\/p>\n<p>Lisa Ajax svarade ocks\u00e5 p\u00e5 utspelet:<\/p>\n<p>\u2013 Jag orkar inte. Det l\u00e5ter ju helt sjukt. Jag tror att alla t\u00e4nker att &#8230; f\u00f6rl\u00e5t, men jag tycker det \u00e4r n\u00e5got allvarligt fel med m\u00e4nniskor som kan hoppa p\u00e5 en gravid kvinna som bara f\u00f6rs\u00f6ker sprida gl\u00e4dje, och underh\u00e5llning. Jag tycker det \u00e4r helt sjukt, och jag tror att de allra flesta tycker det.<\/p>\n<p>Nu \u00e4r Lisa Ajax gravid igen och denna g\u00e5ng \u00e4r det dubbel gl\u00e4dje.<\/p>\n<p>\u201dVi ska f\u00e5 tvillingar\u201d, skriver hon i ett Instagraminl\u00e4gg d\u00e4r hon visar upp gravidmagen.<\/p>\n<p>I inl\u00e4gget har hon \u00e4ven taggat f\u00e4stmannen Max Huss, 30.<\/p>\n<p><a href=\"https:\/\/www.instagram.com\/p\/DctgYb_iOJf\/?img_index=1&amp;igsi=YjVkMHlxdmVmMjFh?hidecaption=true\" data-provider=\"instagram\" class=\"js-social-embed\" rel=\"nofollow noopener\" target=\"_blank\">https:\/\/www.instagram.com\/p\/DctgYb_iOJf\/?img_index=1&amp;igsi=YjVkMHlxdmVmMjFh?hidecaption=true<\/a><strong>L\u00c4S MER: <\/strong><a href=\"https:\/\/www.expressen.se\/livsstil\/familj\/lisa-ajax-efter-gravid-kommenaren-nu-far-jag-mycket-karlek--\/\" class=\"\" rel=\"nofollow noopener\" target=\"_blank\">Lisa Ajax efter gravid-kommentaren: \u201dNu f\u00e5r jag mycket k\u00e4rlek\u201d<\/a><strong>L\u00c4S MER: <\/strong><a href=\"https:\/\/www.expressen.se\/noje\/melodifestivalen\/lisa-ajax-ord-efter-johan-hiltons-ursakt-alla-kan-gora-fel\/\" class=\"\" rel=\"nofollow noopener\" target=\"_blank\">Lisa Ajax ord efter Johan Hiltons urs\u00e4kt: \u201dAlla kan g\u00f6ra fel\u201d<\/a><script async src=\"\/\/www.instagram.com\/embed.js\"><\/script><\/p>\n","protected":false},"excerpt":{"rendered":"Uppdaterad 31 aug 2026 kl 19.18Publicerad 31 aug 2026 kl 19.11 Dubbel gl\u00e4dje f\u00f6r Lisa Ajax! Artisten v\u00e4ntar&hellip;\n","protected":false},"author":2,"featured_media":359571,"comment_status":"","ping_status":"","sticky":false,"template":"","format":"standard","meta":{"footnotes":"","_share_on_mastodon":"0"},"categories":[67],"tags":[104,1490,15321,40967,4050,34,31,33,32,30,105],"class_list":["post-359570","post","type-post","status-publish","format-standard","has-post-thumbnail","category-underhallning","tag-entertainment","tag-graviditet","tag-johan-hilton","tag-lisa-ajax","tag-melodifestivalen","tag-se","tag-svenska","tag-sverige","tag-sweden","tag-swedish","tag-underhallning"],"share_on_mastodon":{"url":"https:\/\/pubeurope.com\/@se\/117191407376782261","error":""},"_links":{"self":[{"href":"https:\/\/www.europesays.com\/se\/wp-json\/wp\/v2\/posts\/359570","targetHints":{"allow":["GET"]}}],"collection":[{"href":"https:\/\/www.europesays.com\/se\/wp-json\/wp\/v2\/posts"}],"about":[{"href":"https:\/\/www.europesays.com\/se\/wp-json\/wp\/v2\/types\/post"}],"author":[{"embeddable":true,"href":"https:\/\/www.europesays.com\/se\/wp-json\/wp\/v2\/users\/2"}],"replies":[{"embeddable":true,"href":"https:\/\/www.europesays.com\/se\/wp-json\/wp\/v2\/comments?post=359570"}],"version-history":[{"count":0,"href":"https:\/\/www.europesays.com\/se\/wp-json\/wp\/v2\/posts\/359570\/revisions"}],"wp:featuredmedia":[{"embeddable":true,"href":"https:\/\/www.europesays.com\/se\/wp-json\/wp\/v2\/media\/359571"}],"wp:attachment":[{"href":"https:\/\/www.europesays.com\/se\/wp-json\/wp\/v2\/media?parent=359570"}],"wp:term":[{"taxonomy":"category","embeddable":true,"href":"https:\/\/www.europesays.com\/se\/wp-json\/wp\/v2\/categories?post=359570"},{"taxonomy":"post_tag","embeddable":true,"href":"https:\/\/www.europesays.com\/se\/wp-json\/wp\/v2\/tags?post=359570"}],"curies":[{"name":"wp","href":"https:\/\/api.w.org\/{rel}","templated":true}]}}