{"id":359584,"date":"2026-08-31T18:12:15","date_gmt":"2026-08-31T18:12:15","guid":{"rendered":"https:\/\/www.europesays.com\/se\/359584\/"},"modified":"2026-08-31T18:12:15","modified_gmt":"2026-08-31T18:12:15","slug":"border-collies-ska-ta-hand-om-gass-pa-lidingo","status":"publish","type":"post","link":"https:\/\/www.europesays.com\/se\/359584\/","title":{"rendered":"Border collies ska ta hand om g\u00e4ss p\u00e5 Liding\u00f6"},"content":{"rendered":"<p class=\"ort\">Liding\u00f6<\/p>\n<p class=\"text\">Efter problem med kanadag\u00e4ss och vitkindade g\u00e4ss ska nu Liding\u00f6 stad prova en lite ovanligare l\u00f6sning \u2013 border collies.<br \/>Kommunen kommer under den kommande m\u00e5naden att anv\u00e4nda hundarna Jenny och Ally f\u00f6r att vid badplatser och parker avskr\u00e4cka g\u00e4ssen.<\/p>\n<p class=\"text\">Testet kommer inledningsvis att genomf\u00f6ras vid Kottla barnbad, Liding\u00f6vallen och Breviks idrottsplats.<\/p>\n<p class=\"text\">Metoden bygger p\u00e5 den vallningsinstinkt som hundarna naturligt har och anv\u00e4nds i dag p\u00e5 andra platser runtom i Sverige och Stockholm f\u00f6r att minska m\u00e4ngden g\u00e4ss.<\/p>\n<p class=\"text\">Efter att testperioden avslutas kommer kommunen att utv\u00e4rdera om metoden kan forts\u00e4tta att anv\u00e4ndas i framtiden.<\/p>\n","protected":false},"excerpt":{"rendered":"Liding\u00f6 Efter problem med kanadag\u00e4ss och vitkindade g\u00e4ss ska nu Liding\u00f6 stad prova en lite ovanligare l\u00f6sning \u2013&hellip;\n","protected":false},"author":2,"featured_media":359585,"comment_status":"","ping_status":"","sticky":false,"template":"","format":"standard","meta":{"footnotes":"","_share_on_mastodon":"0"},"categories":[67],"tags":[104,34,31,33,32,30,105],"class_list":["post-359584","post","type-post","status-publish","format-standard","has-post-thumbnail","category-underhallning","tag-entertainment","tag-se","tag-svenska","tag-sverige","tag-sweden","tag-swedish","tag-underhallning"],"share_on_mastodon":{"url":"https:\/\/pubeurope.com\/@se\/117191478330882695","error":""},"_links":{"self":[{"href":"https:\/\/www.europesays.com\/se\/wp-json\/wp\/v2\/posts\/359584","targetHints":{"allow":["GET"]}}],"collection":[{"href":"https:\/\/www.europesays.com\/se\/wp-json\/wp\/v2\/posts"}],"about":[{"href":"https:\/\/www.europesays.com\/se\/wp-json\/wp\/v2\/types\/post"}],"author":[{"embeddable":true,"href":"https:\/\/www.europesays.com\/se\/wp-json\/wp\/v2\/users\/2"}],"replies":[{"embeddable":true,"href":"https:\/\/www.europesays.com\/se\/wp-json\/wp\/v2\/comments?post=359584"}],"version-history":[{"count":0,"href":"https:\/\/www.europesays.com\/se\/wp-json\/wp\/v2\/posts\/359584\/revisions"}],"wp:featuredmedia":[{"embeddable":true,"href":"https:\/\/www.europesays.com\/se\/wp-json\/wp\/v2\/media\/359585"}],"wp:attachment":[{"href":"https:\/\/www.europesays.com\/se\/wp-json\/wp\/v2\/media?parent=359584"}],"wp:term":[{"taxonomy":"category","embeddable":true,"href":"https:\/\/www.europesays.com\/se\/wp-json\/wp\/v2\/categories?post=359584"},{"taxonomy":"post_tag","embeddable":true,"href":"https:\/\/www.europesays.com\/se\/wp-json\/wp\/v2\/tags?post=359584"}],"curies":[{"name":"wp","href":"https:\/\/api.w.org\/{rel}","templated":true}]}}