{"id":359636,"date":"2026-08-31T19:20:16","date_gmt":"2026-08-31T19:20:16","guid":{"rendered":"https:\/\/www.europesays.com\/se\/359636\/"},"modified":"2026-08-31T19:20:16","modified_gmt":"2026-08-31T19:20:16","slug":"nominerad-riskerar-utvisning-forsoker-leva-i-nuet","status":"publish","type":"post","link":"https:\/\/www.europesays.com\/se\/359636\/","title":{"rendered":"Nominerad riskerar utvisning: \u201dF\u00f6rs\u00f6ker leva i nuet\u201d"},"content":{"rendered":"<p>Sk\u00e5despelaren Mohammed Nour Oklah var nominerad f\u00f6r \u00e5rets manliga huvudroll p\u00e5 Kristallengalan, f\u00f6r sin insats i \u201dSynden\u201d. Samtidigt riskerar han utvisning.<\/p>\n<p>Det \u00e4r Mohammed Nour Oklahs f\u00f6rsta gala, s\u00e5 han f\u00f6rs\u00f6ker bara njuta av kv\u00e4llen, s\u00e4ger han till TT p\u00e5 r\u00f6da mattan.<\/p>\n<p>P\u00e5 torsdag har han ett m\u00f6te med Migrationsverket, som ska besluta om han ska utvisas till Syrien.<\/p>\n<p>\u2013 Det k\u00e4nns som tv\u00e5 olika v\u00e4rldar att vara h\u00e4r och samtidigt ha det m\u00f6tet inbokat. Jag f\u00f6rs\u00f6ker att bara leva i nuet och inte fokusera p\u00e5 det just nu, s\u00e4ger Mohammed Nour Oklah.<\/p>\n<p>Omni \u00e4r politiskt obundna och oberoende. Vi str\u00e4var efter att ge fler perspektiv p\u00e5 nyheterna. Har du fr\u00e5gor eller synpunkter kring v\u00e5r rapportering? <a href=\"https:\/\/omni.se\/nominerad-riskerar-utvisning-forsoker-leva-i-nuet\/a\/mailto:redaktion@omni.se\" class=\"ArticleActions-module-scss-module__w9u9BG__contactLink\" rel=\"nofollow noopener\" target=\"_blank\">Kontakta redaktionen<\/a><\/p>\n","protected":false},"excerpt":{"rendered":"Sk\u00e5despelaren Mohammed Nour Oklah var nominerad f\u00f6r \u00e5rets manliga huvudroll p\u00e5 Kristallengalan, f\u00f6r sin insats i \u201dSynden\u201d. Samtidigt&hellip;\n","protected":false},"author":2,"featured_media":359637,"comment_status":"","ping_status":"","sticky":false,"template":"","format":"standard","meta":{"footnotes":"","_share_on_mastodon":"0"},"categories":[67],"tags":[104,168,2815,4415,34,31,33,32,30,4251,105],"class_list":["post-359636","post","type-post","status-publish","format-standard","has-post-thumbnail","category-underhallning","tag-entertainment","tag-film-tv","tag-migration","tag-migrationsverket","tag-se","tag-svenska","tag-sverige","tag-sweden","tag-swedish","tag-syrien","tag-underhallning"],"share_on_mastodon":{"url":"https:\/\/pubeurope.com\/@se\/117191745771807675","error":""},"_links":{"self":[{"href":"https:\/\/www.europesays.com\/se\/wp-json\/wp\/v2\/posts\/359636","targetHints":{"allow":["GET"]}}],"collection":[{"href":"https:\/\/www.europesays.com\/se\/wp-json\/wp\/v2\/posts"}],"about":[{"href":"https:\/\/www.europesays.com\/se\/wp-json\/wp\/v2\/types\/post"}],"author":[{"embeddable":true,"href":"https:\/\/www.europesays.com\/se\/wp-json\/wp\/v2\/users\/2"}],"replies":[{"embeddable":true,"href":"https:\/\/www.europesays.com\/se\/wp-json\/wp\/v2\/comments?post=359636"}],"version-history":[{"count":0,"href":"https:\/\/www.europesays.com\/se\/wp-json\/wp\/v2\/posts\/359636\/revisions"}],"wp:featuredmedia":[{"embeddable":true,"href":"https:\/\/www.europesays.com\/se\/wp-json\/wp\/v2\/media\/359637"}],"wp:attachment":[{"href":"https:\/\/www.europesays.com\/se\/wp-json\/wp\/v2\/media?parent=359636"}],"wp:term":[{"taxonomy":"category","embeddable":true,"href":"https:\/\/www.europesays.com\/se\/wp-json\/wp\/v2\/categories?post=359636"},{"taxonomy":"post_tag","embeddable":true,"href":"https:\/\/www.europesays.com\/se\/wp-json\/wp\/v2\/tags?post=359636"}],"curies":[{"name":"wp","href":"https:\/\/api.w.org\/{rel}","templated":true}]}}