{"id":359754,"date":"2026-08-31T21:16:12","date_gmt":"2026-08-31T21:16:12","guid":{"rendered":"https:\/\/www.europesays.com\/se\/359754\/"},"modified":"2026-08-31T21:16:12","modified_gmt":"2026-08-31T21:16:12","slug":"skulle-bygga-altan-hittade-rekordstor-vikingaskatt","status":"publish","type":"post","link":"https:\/\/www.europesays.com\/se\/359754\/","title":{"rendered":"Skulle bygga altan \u2013 hittade rekordstor vikingaskatt"},"content":{"rendered":"<p>Publicerad 31 aug 2026 kl 21.48<\/p>\n<p>En privatperson skulle bygga en ny altan under sommaren.\u00a0<\/p>\n<p>Ist\u00e4llet satte han spaden i den st\u00f6rsta vikingasilverskatten som n\u00e5gonsin hittats i Danmark.<\/p>\n<p>Nu analyserar experterna fyndet \u2013 som tros kunna ge nya historiska insikter.<\/p>\n<p>Senaste nyhetsklippen fr\u00e5n Expressen.<img   alt=\"\"\/><\/p>\n<p>Silverskatten \u00e4r den st\u00f6rsta som hittats fr\u00e5n vikingatiden i Danmark n\u00e5gonsin.<\/p>\n<p>Foto: Nordjyllands museer<\/p>\n<p>\u00d6ppna bild i helsk\u00e4rm<img loading=\"lazy\"   alt=\"\"\/><\/p>\n<p>Skatten inneh\u00e5ller bland annat silvertackor, armand, 47 hela mynt och fragment, en liten Torshammare och diverse slipade silverf\u00f6rem\u00e5l.<\/p>\n<p>Foto: Nordjyllands museer<\/p>\n<p>\u00d6ppna bild i helsk\u00e4rm<img loading=\"lazy\"   alt=\"\"\/><\/p>\n<p>N\u00e5gra av mynten \u00e4r arabiska och angosaxiska.<\/p>\n<p>Foto: Nordjyllands museer<\/p>\n<p>\u00d6ppna bild i helsk\u00e4rm<img loading=\"lazy\"   alt=\"\"\/><\/p>\n<p>Forskare hoppas nu att silvret ska bidra till mer kunskap om vikingarnas ekonomiska system.<\/p>\n<p>Foto: Nordjyllands museer<\/p>\n<p>\u00d6ppna bild i helsk\u00e4rm<\/p>\n<p>Totalt handlar det om 18,5 kilo silver som bed\u00f6ms ha placerats i ett lerk\u00e4rl i den danska staden Rebild n\u00e5gon g\u00e5ng p\u00e5 800-talet. D\u00e4r l\u00e5g den begravd \u2013 fram tills i somras.<\/p>\n<p>D\u00e5 skulle mannen som numera bor p\u00e5 platsen bygga en ny altan.<\/p>\n<p>\u2013 Efter en halvtimmes gr\u00e4vande tr\u00e4ffade jag n\u00e5got som gav ifr\u00e5n sig ett konstigt ljud. F\u00f6rst trodde jag att det var gammal j\u00e4rn- eller st\u00e4ngseltr\u00e5d och n\u00e5gra kruksk\u00e4rvor, men n\u00e4r jag b\u00f6rjade gr\u00e4va med h\u00e4nderna kunde jag pl\u00f6tsligt fiska upp det ena metallf\u00f6rem\u00e5let efter det andra ur marken. Efter en stund ins\u00e5g jag att det var smycken, mynt och silvertackor, ber\u00e4ttar han i ett pressmeddelande fr\u00e5n Nordjyllands museer.<\/p>\n<p>\u201dSom att hitta ett kassask\u00e5p\u201d<\/p>\n<p>Fyndet visade sig vara mer \u00e4n tre g\u00e5nger s\u00e5 stort som det tidigare st\u00f6rsta vikingasilverfyndet i <a href=\"https:\/\/www.expressen.se\/tagg\/location\/danmark\/\" class=\"\" rel=\"nofollow noopener\" target=\"_blank\">Danmark<\/a>. Kulturarvsf\u00f6rvaltaren och arkeologen p\u00e5 Nordjyllands museer, Torben Sarauw, kunde knappt tro sina \u00f6gon.<\/p>\n<p>\u2013 Detta \u00e4r ett fynd av stor betydelse f\u00f6r v\u00e5r f\u00f6rst\u00e5else av vikingatiden i Danmark. Inte bara p\u00e5 grund av dess storlek, utan ocks\u00e5 f\u00f6r att skatten s\u00e5 tydligt visar hur silver fungerade som rikedom och betalningsmedel under vikingatiden. Det \u00e4r som att hitta ett kassask\u00e5p fr\u00e5n vikingatiden\u201d, s\u00e4ger han i pressmeddelandet.<\/p>\n<p>Ok\u00e4nt tecken<\/p>\n<p>P\u00e5 en av silvertackorna har inristade runor som g\u00e5r att l\u00e4sa som \u201dhutu\u201d. Forskarna vet \u00e4nnu inte exakt vad det betyder, men tolkar det som ett namn, \u00e4garm\u00e4rke eller n\u00e5gon annan typ av betydelsefull markering. Bland silvret finns dessutom b\u00e5de arabiska och anglosaxiska mynt.<\/p>\n<p><img loading=\"lazy\"   alt=\"\"\/><\/p>\n<p>P\u00c5 en silvertacka tolkar arkeologerna det som att det st\u00e5r \u201dhutu\u201d. Vad det betyder vet man inte s\u00e4kert.<\/p>\n<p>Foto: Nordjyllands museer<\/p>\n<p>\u00d6ppna bild i helsk\u00e4rm<\/p>\n<p>F\u00f6rhoppningen \u00e4r att f\u00f6rem\u00e5len nu ska kunna bidra till mer kunskap om vikingatidens ekonomi fungerade. Forskarna misst\u00e4nker ocks\u00e5 att det kan finnas samband till en annan, om \u00e4n mycket mindre, silverskatt som hittades i staden 1971.\u00a0<\/p>\n<p>\u2013 Den nya silverskatten visar att Rebild-omr\u00e5det inte var en perifer region, utan en del av de stora ekonomiska och kulturella f\u00f6rbindelser som kopplade samman Skandinavien med omr\u00e5dena kring \u00d6stersj\u00f6n och den islamiska v\u00e4rlden i \u00f6ster, samt med Nordsj\u00f6omr\u00e5det, England och V\u00e4steuropa i v\u00e4ster, s\u00e4ger Torben Sarauw.<\/p>\n<p>N\u00e5gon st\u00f6rre arkeologisk utgr\u00e4vning kommer d\u00e4remot inte g\u00e5 att g\u00f6ra, d\u00e5 fyndet gjorts i ett bebyggt omr\u00e5de.<\/p>\n","protected":false},"excerpt":{"rendered":"Publicerad 31 aug 2026 kl 21.48 En privatperson skulle bygga en ny altan under sommaren.\u00a0 Ist\u00e4llet satte han&hellip;\n","protected":false},"author":2,"featured_media":359755,"comment_status":"","ping_status":"","sticky":false,"template":"","format":"standard","meta":{"footnotes":"","_share_on_mastodon":"0"},"categories":[5],"tags":[22,23,1205,26,27,17,21,24,25,28,29,15,16,18,34,31,33,32,30,19,20,51,40985],"class_list":["post-359754","post","type-post","status-publish","format-standard","has-post-thumbnail","category-rubriker","tag-breaking-news","tag-breakingnews","tag-danmark","tag-featured-news","tag-featurednews","tag-headlines","tag-huvudnyheter","tag-latest-news","tag-latestnews","tag-main-news","tag-mainnews","tag-news","tag-nyheter","tag-rubriker","tag-se","tag-svenska","tag-sverige","tag-sweden","tag-swedish","tag-top-stories","tag-topstories","tag-varlden","tag-vikingarna"],"share_on_mastodon":{"url":"https:\/\/pubeurope.com\/@se\/117192201613131882","error":""},"_links":{"self":[{"href":"https:\/\/www.europesays.com\/se\/wp-json\/wp\/v2\/posts\/359754","targetHints":{"allow":["GET"]}}],"collection":[{"href":"https:\/\/www.europesays.com\/se\/wp-json\/wp\/v2\/posts"}],"about":[{"href":"https:\/\/www.europesays.com\/se\/wp-json\/wp\/v2\/types\/post"}],"author":[{"embeddable":true,"href":"https:\/\/www.europesays.com\/se\/wp-json\/wp\/v2\/users\/2"}],"replies":[{"embeddable":true,"href":"https:\/\/www.europesays.com\/se\/wp-json\/wp\/v2\/comments?post=359754"}],"version-history":[{"count":0,"href":"https:\/\/www.europesays.com\/se\/wp-json\/wp\/v2\/posts\/359754\/revisions"}],"wp:featuredmedia":[{"embeddable":true,"href":"https:\/\/www.europesays.com\/se\/wp-json\/wp\/v2\/media\/359755"}],"wp:attachment":[{"href":"https:\/\/www.europesays.com\/se\/wp-json\/wp\/v2\/media?parent=359754"}],"wp:term":[{"taxonomy":"category","embeddable":true,"href":"https:\/\/www.europesays.com\/se\/wp-json\/wp\/v2\/categories?post=359754"},{"taxonomy":"post_tag","embeddable":true,"href":"https:\/\/www.europesays.com\/se\/wp-json\/wp\/v2\/tags?post=359754"}],"curies":[{"name":"wp","href":"https:\/\/api.w.org\/{rel}","templated":true}]}}