{"id":359780,"date":"2026-08-31T21:48:20","date_gmt":"2026-08-31T21:48:20","guid":{"rendered":"https:\/\/www.europesays.com\/se\/359780\/"},"modified":"2026-08-31T21:48:20","modified_gmt":"2026-08-31T21:48:20","slug":"skulle-bygga-terrass-pa-tomten-hittade-vikingaskatt","status":"publish","type":"post","link":"https:\/\/www.europesays.com\/se\/359780\/","title":{"rendered":"Skulle bygga terrass p\u00e5 tomten \u2013 hittade vikingaskatt"},"content":{"rendered":"<p>Mannen skulle anl\u00e4gga en ny terrass till sitt hus, men n\u00e4r han satte spaden i jorden f\u00f6r att ta bort sten, gr\u00e4s och grus, st\u00f6tte han i\u202fst\u00e4llet p\u00e5 Danmarks st\u00f6rsta silverskatt fr\u00e5n vikingatiden. <\/p>\n<p>\u2013\u202fMitt livs st\u00f6rsta \u00f6verraskning, s\u00e4ger den anonyme dansken enligt ett pressmeddelande.<\/p>\n<p>Torben Sarauw, kulturarvschef p\u00e5 Nordjyske Museer s\u00e4ger till Danmarks Radio att han inte trodde sina \u00f6gon n\u00e4r han fick se fyndet: 18,5 kilo silverf\u00f6rem\u00e5l, d\u00e4ribland mynt, kors och torshammar.<\/p>\n<p>\u2013\u202fFullst\u00e4ndigt enast\u00e5ende. Vi har f\u00e5tt in silverskatter tidigare, men de brukar m\u00e4tas i gram.<\/p>\n<p>F\u00f6re fyndet i nordjyska Rebild var den st\u00f6rsta vikingaskatt som hittats i Danmark 6,5 kilo tung.<\/p>\n<p>Omni \u00e4r politiskt obundna och oberoende. Vi str\u00e4var efter att ge fler perspektiv p\u00e5 nyheterna. Har du fr\u00e5gor eller synpunkter kring v\u00e5r rapportering? <a href=\"https:\/\/omni.se\/skulle-bygga-terrass-pa-tomten-hittade-vikingaskatt\/a\/mailto:redaktion@omni.se\" class=\"ArticleActions-module-scss-module__w9u9BG__contactLink\" rel=\"nofollow noopener\" target=\"_blank\">Kontakta redaktionen<\/a><\/p>\n","protected":false},"excerpt":{"rendered":"Mannen skulle anl\u00e4gga en ny terrass till sitt hus, men n\u00e4r han satte spaden i jorden f\u00f6r att&hellip;\n","protected":false},"author":2,"featured_media":359781,"comment_status":"","ping_status":"","sticky":false,"template":"","format":"standard","meta":{"footnotes":"","_share_on_mastodon":"0"},"categories":[5],"tags":[22,23,1205,267,26,27,17,21,24,25,28,29,17588,15,16,18,34,31,33,32,30,19,20],"class_list":["post-359780","post","type-post","status-publish","format-standard","has-post-thumbnail","category-rubriker","tag-breaking-news","tag-breakingnews","tag-danmark","tag-europa","tag-featured-news","tag-featurednews","tag-headlines","tag-huvudnyheter","tag-latest-news","tag-latestnews","tag-main-news","tag-mainnews","tag-mix","tag-news","tag-nyheter","tag-rubriker","tag-se","tag-svenska","tag-sverige","tag-sweden","tag-swedish","tag-top-stories","tag-topstories"],"share_on_mastodon":{"url":"https:\/\/pubeurope.com\/@se\/117192327351871528","error":""},"_links":{"self":[{"href":"https:\/\/www.europesays.com\/se\/wp-json\/wp\/v2\/posts\/359780","targetHints":{"allow":["GET"]}}],"collection":[{"href":"https:\/\/www.europesays.com\/se\/wp-json\/wp\/v2\/posts"}],"about":[{"href":"https:\/\/www.europesays.com\/se\/wp-json\/wp\/v2\/types\/post"}],"author":[{"embeddable":true,"href":"https:\/\/www.europesays.com\/se\/wp-json\/wp\/v2\/users\/2"}],"replies":[{"embeddable":true,"href":"https:\/\/www.europesays.com\/se\/wp-json\/wp\/v2\/comments?post=359780"}],"version-history":[{"count":0,"href":"https:\/\/www.europesays.com\/se\/wp-json\/wp\/v2\/posts\/359780\/revisions"}],"wp:featuredmedia":[{"embeddable":true,"href":"https:\/\/www.europesays.com\/se\/wp-json\/wp\/v2\/media\/359781"}],"wp:attachment":[{"href":"https:\/\/www.europesays.com\/se\/wp-json\/wp\/v2\/media?parent=359780"}],"wp:term":[{"taxonomy":"category","embeddable":true,"href":"https:\/\/www.europesays.com\/se\/wp-json\/wp\/v2\/categories?post=359780"},{"taxonomy":"post_tag","embeddable":true,"href":"https:\/\/www.europesays.com\/se\/wp-json\/wp\/v2\/tags?post=359780"}],"curies":[{"name":"wp","href":"https:\/\/api.w.org\/{rel}","templated":true}]}}