{"id":359936,"date":"2026-09-01T01:56:21","date_gmt":"2026-09-01T01:56:21","guid":{"rendered":"https:\/\/www.europesays.com\/se\/359936\/"},"modified":"2026-09-01T01:56:21","modified_gmt":"2026-09-01T01:56:21","slug":"dn-direkt-bonusprinsen-far-narvara-pa-begravningen","status":"publish","type":"post","link":"https:\/\/www.europesays.com\/se\/359936\/","title":{"rendered":"DN Direkt \u2013 Bonusprinsen f\u00e5r n\u00e4rvara p\u00e5 begravningen"},"content":{"rendered":"<p>Stockholmsb\u00f6rsen inledde veckans handel ned\u00e5t. Vid st\u00e4ngning hade breda OMXS-index fallit 0,8 procent, i linje med flera b\u00f6rser runt om i v\u00e4rlden.<\/p>\n<p>Upptrappningen i Irankriget med attacker fr\u00e5n USA liksom motattacker fr\u00e5n Iran, f\u00e5r oljepriset att lyfta, vilket anv\u00e4nds som en f\u00f6rklaring till b\u00f6rshum\u00f6ret.<\/p>\n<p>P\u00e5 OMXS30-listan med de mest omsatta aktierna f\u00f6ll verkstadsbolaget Sandvik mest, 2,2 procent. \u00c4ven Wallenbergsf\u00e4rens riskkapitalbolag EQT och gruvj\u00e4tten Boliden hade en tung dag, minus 1,7 respektive 1,5 procent.<\/p>\n<p>I andra \u00e4nden av skalan syns skogsbolaget SCA, som steg 0,6 procent.<\/p>\n<p>Skolkoncernen Academedia sl\u00e4ppte del\u00e5rssiffror och aktien lyfte 3,5 procent.<\/p>\n<p>Vid st\u00e4ngning i Stockholm hade b\u00f6rsen i London stigit medan Frankfurt och Paris l\u00e5g minus. I New York \u00e4r alla tre stora index back.<\/p>\n<p>Terminspriset p\u00e5 Nordsj\u00f6olja har stigit 2,5 procent under dagen, till 90,35 dollar per fat.<\/p>\n","protected":false},"excerpt":{"rendered":"Stockholmsb\u00f6rsen inledde veckans handel ned\u00e5t. Vid st\u00e4ngning hade breda OMXS-index fallit 0,8 procent, i linje med flera b\u00f6rser&hellip;\n","protected":false},"author":2,"featured_media":359937,"comment_status":"","ping_status":"","sticky":false,"template":"","format":"standard","meta":{"footnotes":"","_share_on_mastodon":"0"},"categories":[5],"tags":[22,23,26,27,17,21,24,25,28,29,15,16,18,34,31,33,32,30,19,20],"class_list":["post-359936","post","type-post","status-publish","format-standard","has-post-thumbnail","category-rubriker","tag-breaking-news","tag-breakingnews","tag-featured-news","tag-featurednews","tag-headlines","tag-huvudnyheter","tag-latest-news","tag-latestnews","tag-main-news","tag-mainnews","tag-news","tag-nyheter","tag-rubriker","tag-se","tag-svenska","tag-sverige","tag-sweden","tag-swedish","tag-top-stories","tag-topstories"],"share_on_mastodon":{"url":"https:\/\/pubeurope.com\/@se\/117193302730563886","error":""},"_links":{"self":[{"href":"https:\/\/www.europesays.com\/se\/wp-json\/wp\/v2\/posts\/359936","targetHints":{"allow":["GET"]}}],"collection":[{"href":"https:\/\/www.europesays.com\/se\/wp-json\/wp\/v2\/posts"}],"about":[{"href":"https:\/\/www.europesays.com\/se\/wp-json\/wp\/v2\/types\/post"}],"author":[{"embeddable":true,"href":"https:\/\/www.europesays.com\/se\/wp-json\/wp\/v2\/users\/2"}],"replies":[{"embeddable":true,"href":"https:\/\/www.europesays.com\/se\/wp-json\/wp\/v2\/comments?post=359936"}],"version-history":[{"count":0,"href":"https:\/\/www.europesays.com\/se\/wp-json\/wp\/v2\/posts\/359936\/revisions"}],"wp:featuredmedia":[{"embeddable":true,"href":"https:\/\/www.europesays.com\/se\/wp-json\/wp\/v2\/media\/359937"}],"wp:attachment":[{"href":"https:\/\/www.europesays.com\/se\/wp-json\/wp\/v2\/media?parent=359936"}],"wp:term":[{"taxonomy":"category","embeddable":true,"href":"https:\/\/www.europesays.com\/se\/wp-json\/wp\/v2\/categories?post=359936"},{"taxonomy":"post_tag","embeddable":true,"href":"https:\/\/www.europesays.com\/se\/wp-json\/wp\/v2\/tags?post=359936"}],"curies":[{"name":"wp","href":"https:\/\/api.w.org\/{rel}","templated":true}]}}