{"id":359940,"date":"2026-09-01T02:04:27","date_gmt":"2026-09-01T02:04:27","guid":{"rendered":"https:\/\/www.europesays.com\/se\/359940\/"},"modified":"2026-09-01T02:04:27","modified_gmt":"2026-09-01T02:04:27","slug":"volvo-cars-lamnar-stockholm-450-berors-vasterbottens-kuriren","status":"publish","type":"post","link":"https:\/\/www.europesays.com\/se\/359940\/","title":{"rendered":"Volvo Cars l\u00e4mnar Stockholm \u2013 450 ber\u00f6rs &#8211; V\u00e4sterbottens-Kuriren"},"content":{"rendered":"<ol>\n<li><a href=\"https:\/\/news.google.com\/rss\/articles\/CBMifkFVX3lxTE5vZ2hVOTNPXy02ZnctRmVveTNZbEpBcHROVVFtY0JOZGNYY29kcGVpMDU0XzRZX2Vnd2lnbWFDcXRoLWhtMzcxdHBvV2FCNWlickV5NjNlMWRPaXQxbkl6d0hVZmJhV0dxWXkwcURLcFZubDRBUHROMGNjenpqZw?oc=5\" target=\"_blank\" rel=\"nofollow noopener\">Volvo Cars l\u00e4mnar Stockholm \u2013 450 ber\u00f6rs<\/a>&nbsp;&nbsp;V\u00e4sterbottens-Kuriren<\/li>\n<li><a href=\"https:\/\/news.google.com\/rss\/articles\/CBMiigFBVV95cUxOZGFVS1F5dEFyYTZIYk9wWTY4LXJ6eGk2cWl6U1RkTzMtZURTSmZTOGV3clJ6bi1nMEtGMk5wUlNkOWNmTjJVM2JVSC1wQWJScWZGdlpDcmktb3IwN01oS0NSbTF6bGtrRjBFZE9kaVVmc3Bqd1doT1JPbDlmSkRlY2lmcUFzcTQ2d2c?oc=5\" target=\"_blank\" rel=\"nofollow noopener\">Volvo Cars st\u00e4nger Stockholmskontoret \u2013 450 ber\u00f6rs<\/a>&nbsp;&nbsp;Aftonbladet<\/li>\n<li><a href=\"https:\/\/news.google.com\/rss\/articles\/CBMiggFBVV95cUxNRkV0NHBqbnJmVTFza2NrQjkxV0swUDItcFIxWlpTMEVBbUY3dUFwV2JYWDhiYXhpQVU5M0VnZ255Y3MtZXJ5OUFMS3hiRUZkNnBjZzlWbEdUOEZfX1hWVGZBN0plWFp3cndIUnJPLWRCYTNnVTVQQkQycWlPZkdxUk5n?oc=5\" target=\"_blank\" rel=\"nofollow noopener\">Volvos Stockholmskontor l\u00e4ggs ner \u2013 fokus p\u00e5 G\u00f6teborg<\/a>&nbsp;&nbsp;Omni \u2013 Alla nyheter. Alla perspektiv.<\/li>\n<li><a href=\"https:\/\/news.google.com\/rss\/articles\/CBMigAFBVV95cUxPZEJKUmxKeVg4d0pBem5FYjRUR3ZkZC1WaGxCdXNDTU5ITWFxVFJ5LVk1QUR6RVNILVBiMExSU3ppVjl4cmdjdmd3VGZ0aFhxWnBMRGVuZzktamFJcTZHMVRKamxVdW82SWlZYlZnWGZrOU9ZMG9mOUtuOGtFNFEwQQ?oc=5\" target=\"_blank\" rel=\"nofollow noopener\">Volvo Cars l\u00e4gger ner Stockholmskontoret<\/a>&nbsp;&nbsp;SVT Nyheter<\/li>\n<li><a href=\"https:\/\/news.google.com\/rss\/articles\/CBMiZ0FVX3lxTE52QTR6UWoyWDVsbXplVkM5dkpjd2R2SkFHR2hVYTBBRkszQWFVQ19mNFNORUJWWTNMNzlDazIwelYzSTRYUjUxRnltOURHUHVXdGVMSDBVdG1mQVhoZm9FQkFJVVN5Y2s?oc=5\" target=\"_blank\" rel=\"nofollow noopener\">Volvo Cars: \u201dLund p\u00e5verkas inte i dagsl\u00e4get\u201d<\/a>&nbsp;&nbsp;EFN<\/li>\n<\/ol>\n","protected":false},"excerpt":{"rendered":"Volvo Cars l\u00e4mnar Stockholm \u2013 450 ber\u00f6rs&nbsp;&nbsp;V\u00e4sterbottens-Kuriren Volvo Cars st\u00e4nger Stockholmskontoret \u2013 450 ber\u00f6rs&nbsp;&nbsp;Aftonbladet Volvos Stockholmskontor l\u00e4ggs ner&hellip;\n","protected":false},"author":2,"featured_media":359941,"comment_status":"","ping_status":"","sticky":false,"template":"","format":"standard","meta":{"footnotes":"","_share_on_mastodon":"0"},"categories":[5],"tags":[22,23,26,27,17,21,24,25,28,29,15,16,18,34,31,33,32,30,19,20],"class_list":["post-359940","post","type-post","status-publish","format-standard","has-post-thumbnail","category-rubriker","tag-breaking-news","tag-breakingnews","tag-featured-news","tag-featurednews","tag-headlines","tag-huvudnyheter","tag-latest-news","tag-latestnews","tag-main-news","tag-mainnews","tag-news","tag-nyheter","tag-rubriker","tag-se","tag-svenska","tag-sverige","tag-sweden","tag-swedish","tag-top-stories","tag-topstories"],"share_on_mastodon":{"url":"https:\/\/pubeurope.com\/@se\/117193334218180321","error":""},"_links":{"self":[{"href":"https:\/\/www.europesays.com\/se\/wp-json\/wp\/v2\/posts\/359940","targetHints":{"allow":["GET"]}}],"collection":[{"href":"https:\/\/www.europesays.com\/se\/wp-json\/wp\/v2\/posts"}],"about":[{"href":"https:\/\/www.europesays.com\/se\/wp-json\/wp\/v2\/types\/post"}],"author":[{"embeddable":true,"href":"https:\/\/www.europesays.com\/se\/wp-json\/wp\/v2\/users\/2"}],"replies":[{"embeddable":true,"href":"https:\/\/www.europesays.com\/se\/wp-json\/wp\/v2\/comments?post=359940"}],"version-history":[{"count":0,"href":"https:\/\/www.europesays.com\/se\/wp-json\/wp\/v2\/posts\/359940\/revisions"}],"wp:featuredmedia":[{"embeddable":true,"href":"https:\/\/www.europesays.com\/se\/wp-json\/wp\/v2\/media\/359941"}],"wp:attachment":[{"href":"https:\/\/www.europesays.com\/se\/wp-json\/wp\/v2\/media?parent=359940"}],"wp:term":[{"taxonomy":"category","embeddable":true,"href":"https:\/\/www.europesays.com\/se\/wp-json\/wp\/v2\/categories?post=359940"},{"taxonomy":"post_tag","embeddable":true,"href":"https:\/\/www.europesays.com\/se\/wp-json\/wp\/v2\/tags?post=359940"}],"curies":[{"name":"wp","href":"https:\/\/api.w.org\/{rel}","templated":true}]}}