{"id":359946,"date":"2026-09-01T02:11:17","date_gmt":"2026-09-01T02:11:17","guid":{"rendered":"https:\/\/www.europesays.com\/se\/359946\/"},"modified":"2026-09-01T02:11:17","modified_gmt":"2026-09-01T02:11:17","slug":"nyheter-och-senaste-uppdateringarna-om-sverige-utrikes-och-ekonomi-29","status":"publish","type":"post","link":"https:\/\/www.europesays.com\/se\/359946\/","title":{"rendered":"Nyheter och senaste uppdateringarna om Sverige, utrikes och ekonomi"},"content":{"rendered":"<p>Senaste nyheterna<\/p>\n<ul class=\"css-131ltgq\">\n<li class=\"css-empaf4\" data-entry-tags=\"\" data-testid=\"liveblog-entry\">\n<p>Emilia Lindell<\/p>\n<p>i g\u00e5r22.50<\/p>\n<p>Gr\u00f6nt ljus f\u00f6r Trumps balsal<\/p>\n<p>div{font-family:&#8217;Sueca Text&#8217;,georgia,serif;font-style:normal;font-weight:normal;font-size:16px;line-height:1.5;margin-top:0;margin-bottom:16px;}@media screen and (min-width: 25em){.css-17ptz6b >div{font-size:17px;}}@media screen and (min-width: 37.5em){.css-17ptz6b >div{font-size:18px;}}@media print{.css-17ptz6b >div{font-size:14px;}}.css-17ptz6b >div:first-of-type{position:relative;}.css-17ptz6b >div:last-of-type{margin-bottom:0;}]]><\/p>\n<p>Gr\u00f6nt ljus f\u00f6r Trumps balsal<\/p>\n<p class=\"css-1jbi0kr\">USA:s president Donald Trump f\u00e5r gr\u00f6nt ljus att forts\u00e4tta bygga sin balsal, beslutade landets h\u00f6gsta domstol p\u00e5 m\u00e5ndagen.<\/p>\n<p class=\"css-1jbi0kr\">Balsalen har varit omtvistad. Renoveringen, som uppg\u00e5r till 400 miljoner dollar, har inneburit stora ingrepp p\u00e5 Vita huset. <\/p>\n<p class=\"css-1jbi0kr\">Enligt ett tidigare domstolsbeslut beh\u00f6vde kongressen godk\u00e4nna bygget innan det kan forts\u00e4tta. Nu har H\u00f6gsta domstolen gett presidenten till\u00e5telse att forts\u00e4tta bygga under tiden han \u00f6verklagar det tidigare domstolsbeslutet.<\/p>\n<\/li>\n<li class=\"css-18rnhd extra-component-element\"\/>\n<li class=\"css-empaf4\" data-entry-tags=\"\" data-testid=\"liveblog-entry\">\n<p>D\u00f6dssiffran stiger efter st\u00f6rtflod i Grand Canyon<\/p>\n<p>D\u00f6dssiffran stiger efter st\u00f6rtflod i Grand Canyon<\/p>\n<p class=\"css-1jbi0kr\">Tv\u00e5 personer har nu konstaterats d\u00f6da efter st\u00f6rtfloden i nationalparken Grand Canyon p\u00e5 s\u00f6ndagen, uppger lokala myndigheter. Ett kraftigt regn fick vattnet att forsa fram och dra med sig broar och v\u00e4gar.<\/p>\n<p class=\"css-1jbi0kr\">\u00d6ver 60 har evakuerats fr\u00e5n omr\u00e5det i Arizona, men runt 15 saknas fortfarande.<\/p>\n<\/li>\n<li class=\"css-18rnhd extra-component-element\"\/>\n<li class=\"css-empaf4\" data-entry-tags=\"\" data-testid=\"liveblog-entry\">\n<p>Tv\u00e5 gripna misst\u00e4nkta f\u00f6r misshandel av flicka i R\u00e5gsved <\/p>\n<p>Tv\u00e5 gripna misst\u00e4nkta f\u00f6r misshandel av flicka i R\u00e5gsved <\/p>\n<p class=\"css-1jbi0kr\">Tv\u00e5 ton\u00e5ringar har gripits misst\u00e4nka f\u00f6r grov misshandel av en ton\u00e5rsflicka i R\u00e5gsved i s\u00f6dra Stockholm, skriver polisen p\u00e5 sin sajt. <\/p>\n<p class=\"css-1jbi0kr\">H\u00e4ndelsen intr\u00e4ffade n\u00e4ra tunnelbanestationen och flickan blev misshandlad av &#8221;ett flertal personer&#8221;. <\/p>\n<p class=\"css-1jbi0kr\">De tv\u00e5 gripna \u00e4r pojkar i yngre ton\u00e5ren. <\/p>\n<p class=\"css-1jbi0kr\">Pojkarna &#8221;ses sl\u00e5 och sparka p\u00e5 m\u00e5ls\u00e4gande i huvudet, i ett av fallen n\u00e4r hon ligger p\u00e5 marken&#8221;, skriver polisen.<\/p>\n<\/li>\n<li class=\"css-18rnhd extra-component-element\"\/>\n<li class=\"css-empaf4\" data-entry-tags=\"\" data-testid=\"liveblog-entry\">\n<p>Trump utlovar nya attacker mot Iran<\/p>\n<p>Trump utlovar nya attacker mot Iran<\/p>\n<p class=\"css-1jbi0kr\">Efter veckor av lugn har attackerna i Irankriget blossat upp igen. <\/p>\n<p class=\"css-1jbi0kr\">USA:s president Donald Trump s\u00e4ger p\u00e5 m\u00e5ndagen att fler attacker v\u00e4ntar, skriver TT. <\/p>\n<p class=\"css-1jbi0kr\">\u2013 Vi kommer att sl\u00e5 till h\u00e5rt. Det kommer att bli ett svar, s\u00e4ger Trump till Fox News.<\/p>\n<p class=\"css-1jbi0kr\">Sent p\u00e5 s\u00f6ndagskv\u00e4llen slog USA till mot raketramper p\u00e5 \u00f6n Larak n\u00e4ra strategiskt viktiga Hormuzsundet. Iran svarade med attacker mot amerikanska milit\u00e4ra m\u00e5l i Jordanien och F\u00f6renade arabemiraten, enligt det iranska revolutionsgardet.<\/p>\n<\/li>\n<li class=\"css-18rnhd extra-component-element\"\/>\n<li class=\"css-empaf4\" data-entry-tags=\"\" data-testid=\"liveblog-entry\">\n<p>TT<\/p>\n<p>i g\u00e5r20.36<\/p>\n<p>Sverige vidare till kvartsfinal i volleyboll-EM<\/p>\n<p>Sverige vidare till kvartsfinal i volleyboll-EM<\/p>\n<p class=\"css-1jbi0kr\">De svenska volleybolldamerna \u00e4r klara f\u00f6r EM-kvartsfinal efter 3\u20130 mot v\u00e4rdlandet Tjeckien.<\/p>\n<p class=\"css-1jbi0kr\">I kvartsfinalen m\u00f6ter Sverige den regerande v\u00e4rldsm\u00e4staren Italien som tidigare under kv\u00e4llen vann med 3\u20130 mot Bulgarien. Svenskarna f\u00f6ll mot Italien i m\u00e4sterskapets gruppspel.<\/p>\n<\/li>\n<li class=\"css-18rnhd extra-component-element\"\/>\n<li class=\"css-empaf4\" data-entry-tags=\"\" data-testid=\"liveblog-entry\">\n<p>Stopp i t\u00e5gtrafiken mellan Stockholm och G\u00f6teborg<\/p>\n<p>Stopp i t\u00e5gtrafiken mellan Stockholm och G\u00f6teborg<\/p>\n<p class=\"css-1jbi0kr\">T\u00e5gtrafiken mellan Stockholm och G\u00f6teborg stod under m\u00e5ndagskv\u00e4llen still. <\/p>\n<p class=\"css-1jbi0kr\">Orsaken tros vara ett elfel i \u00c5rstaberg i Stockholm.<\/p>\n<p class=\"css-1jbi0kr\">Vid 19.30 uppges trafiken l\u00e5ngsamt komma i g\u00e5ng igen, men med f\u00f6rseningar. <\/p>\n<p class=\"css-1jbi0kr\">Bland annat p\u00e5verkas \u00e4ven str\u00e4ckorna Stockholm-Malm\u00f6 och Stockholm-Oslo.<\/p>\n<\/li>\n<li class=\"css-18rnhd extra-component-element\"\/>\n<li class=\"css-empaf4\" data-entry-tags=\"\" data-testid=\"liveblog-entry\">\n<p>\u00d6ver 6\u00a0000 smittade av ebola i Kongo<\/p>\n<p>\u00d6ver 6\u00a0000 smittade av ebola i Kongo<\/p>\n<p class=\"css-1jbi0kr\">\u00d6ver 6\u00a0000 bekr\u00e4ftade fall av ebola har nu konstaterats i Kongo-Kinshasa, skriver TT med h\u00e4nvisning till lokala myndigheter.<\/p>\n<p class=\"css-1jbi0kr\">N\u00e4rmare 3\u00a0000 personer har d\u00f6tt under r\u00e5dande epidemi, vilket g\u00f6r r\u00e5dande utbrottet v\u00e4rre \u00e4n det som p\u00e5gick 2018\u20132020.<\/p>\n<\/li>\n<li class=\"css-18rnhd extra-component-element\"\/>\n<li class=\"css-empaf4\" data-entry-tags=\"\" data-testid=\"liveblog-entry\">\n<p>Israelisk attack tr\u00e4ffade bil \u2013 flera d\u00f6da<\/p>\n<p>Israelisk attack tr\u00e4ffade bil \u2013 flera d\u00f6da<\/p>\n<p class=\"css-1jbi0kr\">Israeliska flygr\u00e4der i staden Gaza p\u00e5 m\u00e5ndagen d\u00f6dade minst fem personer enligt sjukhusk\u00e4llor.<\/p>\n<p class=\"css-1jbi0kr\">Israel h\u00e4vdar att attackerna riktades mot \u201dmilit\u00e4rt verksamma\u201d fr\u00e5n terrorst\u00e4mplade Hamas.<\/p>\n<p class=\"css-1jbi0kr\">Israel attackerar \u00e5terkommande m\u00e5l i Gaza trots att det r\u00e5der formell vapenvila i kriget.<\/p>\n<p class=\"css-1jbi0kr\">P\u00e5 m\u00e5ndagen bekr\u00e4ftade sjukhuset al-Shifa i staden Gaza att det mottagit fem d\u00f6da och flera skadade i separata r\u00e4der. I en israelisk attack angreps ing\u00e5ngen till ett bostadshus, i en separat r\u00e4d slog en dr\u00f6nare till mot en bil.<\/p>\n<p class=\"css-1jbi0kr\">Israel h\u00e4vdar r\u00e4tt att attackera m\u00e5l i Gaza f\u00f6r att stoppa hot fr\u00e5n Hamas efter terrorr\u00f6relsens attack mot Israel den 7 oktober 2023.<\/p>\n<p class=\"css-1jbi0kr\">Israeliska insatser har d\u00f6dat \u00f6ver 1 300 personer sedan den USA-ledda vapenvilan inleddes i oktober.<\/p>\n<\/li>\n<li class=\"css-18rnhd extra-component-element\"\/>\n<li class=\"css-empaf4\" data-entry-tags=\"\" data-testid=\"liveblog-entry\">\n<p>Lionel Messi slutar i landslaget<\/p>\n<p>Lionel Messi slutar i landslaget<\/p>\n<p class=\"css-1jbi0kr\">Lionel Messi slutar i det argentinska landslaget, meddelar fotbollsstj\u00e4rnan p\u00e5 Instagram.<\/p>\n<p class=\"css-1jbi0kr\">&#8221;Jag har gett allt, jag har inget mer att ge&#8221;, skriver han.<\/p>\n<p class=\"css-1jbi0kr\">Finalf\u00f6rlusten mot Spanien i sommarens fotbolls-VM blev d\u00e4rmed 39-\u00e5rige Messis sista framtr\u00e4dande i landslagstr\u00f6jan.<\/p>\n<p class=\"css-1jbi0kr\">Beslutet g\u00f6r &#8221;ont i sj\u00e4len&#8221;, skriver Messi och f\u00f6rklarar att han formulerade sitt farv\u00e4l redan den 21 juli \u2013 tv\u00e5 dagar efter finalen. Efter sin pappas bortg\u00e5ng tidigare i augusti blev han \u00e4n mer \u00f6vertygad om att beslutet var r\u00e4tt, skriver han vidare.<\/p>\n<p class=\"css-1jbi0kr\">Messi debuterade i landslaget 2005 och har b\u00e5de flest landslagsm\u00e5l (125) och flest landskamper (207) i Argentina.<\/p>\n<p class=\"css-1jbi0kr\">2022 kr\u00f6nte han landslagskarri\u00e4ren n\u00e4r han ledde sitt Argentina till nationens f\u00f6rsta VM-guld sedan 1986. Han har \u00e4ven tv\u00e5 VM-silver (2014 och 2026) samt tv\u00e5 guld och tre silver i Copa Am\u00e9rica.<\/p>\n<\/li>\n<li class=\"css-18rnhd extra-component-element\"\/>\n<li class=\"css-empaf4\" data-entry-tags=\"\" data-testid=\"liveblog-entry\">\n<p>EU godk\u00e4nner ytterligare coronast\u00f6d till Sverige<\/p>\n<p>EU godk\u00e4nner ytterligare coronast\u00f6d till Sverige<\/p>\n<p class=\"css-1jbi0kr\">EU-kommissionen har godk\u00e4nt 3,7 miljarder kronor till Sverige i coronast\u00f6d, skriver TT.<\/p>\n<p class=\"css-1jbi0kr\">Pengarna kommer fr\u00e5n den den fond som skapades f\u00f6r att f\u00e5 fart p\u00e5 ekonomin igen efter pandemin. <\/p>\n<p class=\"css-1jbi0kr\">Ans\u00f6kan om st\u00f6det \u00e4r Sveriges tredje och sista. Totalt har Sverige mottagit drygt 38 miljarder kronor fr\u00e5n fonden, inklusive denna senaste summa. <\/p>\n<\/li>\n<li class=\"css-18rnhd extra-component-element\"\/>\n<li class=\"css-empaf4\" data-entry-tags=\"\" data-testid=\"liveblog-entry\">\n<p>Fortsatt s\u00f6kande efter f\u00e4rjepassagerare<\/p>\n<p>Fortsatt s\u00f6kande efter f\u00e4rjepassagerare<\/p>\n<p class=\"css-1jbi0kr\">18 passagerare saknas fortfarande efter s\u00f6ndagens f\u00e4rjekatastrof utanf\u00f6r Cyperns kust, <a href=\"https:\/\/www.bbc.com\/news\/articles\/c1mv5ggg1l8o\" rel=\"noopener nofollow\" target=\"_blank\">rapporterar BBC<\/a>. Bland dem finns barn.<\/p>\n<p class=\"css-1jbi0kr\">Fartyget, som hade\u00a0259 passagerare och \u00e5tta bes\u00e4ttningsm\u00e4n ombord, b\u00f6rjade ta in vatten kort efter avfarten fr\u00e5n\u00a0kuststaden Kyrenia.\u00a0<\/p>\n<p class=\"css-1jbi0kr\">\u00c5tta personer bekr\u00e4ftas ha d\u00f6tt i h\u00e4ndelsen, medan 20 v\u00e5rdas p\u00e5 sjukhus i norra Cypern.<\/p>\n<p class=\"css-1jbi0kr\">Flera av de brottsmisst\u00e4nkta bes\u00e4ttningsm\u00e4nnen, d\u00e4ribland kaptenen, uppgav f\u00f6r domstolen p\u00e5 m\u00e5ndagen att fartyget b\u00f6rjade ta in vatten efter att kraftiga v\u00e5gor slitit upp f\u00f6ren, skriver TT.<\/p>\n<p class=\"css-1jbi0kr\">L\u00e4s mer om olyckan <a href=\"https:\/\/www.svd.se\/a\/vrbaVw\/farja-har-kapsejsat-utanfor-cypern\" rel=\"noopener nofollow\" target=\"_blank\">h\u00e4r<\/a>.<\/p>\n<\/li>\n<li class=\"css-18rnhd extra-component-element\"\/><\/ul>\n<p>Visa fler inl\u00e4gg<\/p>\n","protected":false},"excerpt":{"rendered":"Senaste nyheterna Emilia Lindell i g\u00e5r22.50 Gr\u00f6nt ljus f\u00f6r Trumps balsal div{font-family:&#8217;Sueca Text&#8217;,georgia,serif;font-style:normal;font-weight:normal;font-size:16px;line-height:1.5;margin-top:0;margin-bottom:16px;}@media screen and (min-width: 25em){.css-17ptz6b >div{font-size:17px;}}@media&hellip;\n","protected":false},"author":2,"featured_media":359947,"comment_status":"","ping_status":"","sticky":false,"template":"","format":"standard","meta":{"footnotes":"","_share_on_mastodon":"0"},"categories":[12],"tags":[22,23,26,27,17,21,24,25,28,29,15,16,18,34,31,33,32,30,19,20],"class_list":["post-359946","post","type-post","status-publish","format-standard","has-post-thumbnail","category-sverige","tag-breaking-news","tag-breakingnews","tag-featured-news","tag-featurednews","tag-headlines","tag-huvudnyheter","tag-latest-news","tag-latestnews","tag-main-news","tag-mainnews","tag-news","tag-nyheter","tag-rubriker","tag-se","tag-svenska","tag-sverige","tag-sweden","tag-swedish","tag-top-stories","tag-topstories"],"share_on_mastodon":{"url":"https:\/\/pubeurope.com\/@se\/117193361781038476","error":""},"_links":{"self":[{"href":"https:\/\/www.europesays.com\/se\/wp-json\/wp\/v2\/posts\/359946","targetHints":{"allow":["GET"]}}],"collection":[{"href":"https:\/\/www.europesays.com\/se\/wp-json\/wp\/v2\/posts"}],"about":[{"href":"https:\/\/www.europesays.com\/se\/wp-json\/wp\/v2\/types\/post"}],"author":[{"embeddable":true,"href":"https:\/\/www.europesays.com\/se\/wp-json\/wp\/v2\/users\/2"}],"replies":[{"embeddable":true,"href":"https:\/\/www.europesays.com\/se\/wp-json\/wp\/v2\/comments?post=359946"}],"version-history":[{"count":0,"href":"https:\/\/www.europesays.com\/se\/wp-json\/wp\/v2\/posts\/359946\/revisions"}],"wp:featuredmedia":[{"embeddable":true,"href":"https:\/\/www.europesays.com\/se\/wp-json\/wp\/v2\/media\/359947"}],"wp:attachment":[{"href":"https:\/\/www.europesays.com\/se\/wp-json\/wp\/v2\/media?parent=359946"}],"wp:term":[{"taxonomy":"category","embeddable":true,"href":"https:\/\/www.europesays.com\/se\/wp-json\/wp\/v2\/categories?post=359946"},{"taxonomy":"post_tag","embeddable":true,"href":"https:\/\/www.europesays.com\/se\/wp-json\/wp\/v2\/tags?post=359946"}],"curies":[{"name":"wp","href":"https:\/\/api.w.org\/{rel}","templated":true}]}}