{"id":359948,"date":"2026-09-01T02:12:15","date_gmt":"2026-09-01T02:12:15","guid":{"rendered":"https:\/\/www.europesays.com\/se\/359948\/"},"modified":"2026-09-01T02:12:15","modified_gmt":"2026-09-01T02:12:15","slug":"tidigare-gangledare-falls-for-det-30-ar-gamla-mordet-pa-tupac-shakur-utrikes","status":"publish","type":"post","link":"https:\/\/www.europesays.com\/se\/359948\/","title":{"rendered":"Tidigare g\u00e4ngledare f\u00e4lls f\u00f6r det 30 \u00e5r gamla mordet p\u00e5 Tupac Shakur | Utrikes"},"content":{"rendered":"<p class=\"aw__sc-1qwuw0s-0 aw__sc-1vg2sqm-0 epAWpq ecELkD yle__article__paragraph\">Duane \u201dKeffe D\u201d Davis var den som planerade och organiserade d\u00f6dsskjutningen.<\/p>\n<p><img decoding=\"async\" alt=\"Tupac Shakur i en randig kavaj och svart skjorta tittar in i kameran och ler.\" src=\"https:\/\/www.europesays.com\/se\/wp-content\/uploads\/2026\/09\/1788228594.jpeg\" class=\"aw__sc-dklauk-0 LPzKX\"\/><\/p>\n<p>\u00d6ppna bildvisare<\/p>\n<p>Tupac Shakur har beskrivits som en av hiphopens mest inflytelserika artister och \u00e4r k\u00e4nd f\u00f6r l\u00e5tar s\u00e5som California Love, Hit &#8217;Em Up och Changes. Bild: AOPLyssna (du h\u00f6r en artificiell r\u00f6st) 2:52<\/p>\n<p class=\"aw__sc-1qwuw0s-0 aw__sc-ngllmo-0 epAWpq fzYpjk yle__article__paragraph\">Det l\u00e4nge ol\u00f6sta mordet p\u00e5 den amerikanska rapparen <strong class=\"aw__sc-ngllmo-2 gdRrun yle__article__strong\">Tupac Shakur<\/strong> har kommit till v\u00e4gs \u00e4nde.<\/p>\n<p class=\"aw__sc-1qwuw0s-0 aw__sc-ngllmo-0 epAWpq fzYpjk yle__article__paragraph\">Den f\u00f6re detta g\u00e4ngledaren <strong class=\"aw__sc-ngllmo-2 gdRrun yle__article__strong\">Duane \u201dKeffe D\u201d Davis<\/strong> f\u00e4lls f\u00f6r mordet \u2013 trots att det inte var han som avfyrade skotten som d\u00f6dade Tupac i september 1996.<\/p>\n<p class=\"aw__sc-1qwuw0s-0 aw__sc-ngllmo-0 epAWpq fzYpjk yle__article__paragraph\">Han v\u00e4ntas f\u00e5 livstids f\u00e4ngelse.<\/p>\n<ul class=\"aw__sc-1yb43iq-0 gFXHv yle__article__list yle__article__list--ul\">\n<li class=\"aw__sc-1yb43iq-1 gVAzbt\">Den 13 september 1996 f\u00f6ll Tupac Shakur, k\u00e4nd som 2Pac och Makaveli, offer f\u00f6r en s\u00e5 kallad drive-by-skjutning i Las Vegas i USA.<\/li>\n<li class=\"aw__sc-1yb43iq-1 gVAzbt\">Tupac satt i en bil d\u00e5 en annan bil k\u00f6rde upp bredvid och skott avlossades. Han tr\u00e4ffades flera g\u00e5nger, och dog p\u00e5 sjukhus sex dagar senare.<\/li>\n<li class=\"aw__sc-1yb43iq-1 gVAzbt\">Flera tidigare g\u00e4ngmedlemmar och rivalartister har utretts f\u00f6r mordet, men det var f\u00f6rst <a class=\"aw__sc-ngllmo-1 bTDnwX yle__article__link\" href=\"https:\/\/yle.fi\/a\/7-10042622\" role=\"link\" rel=\"nofollow noopener\" target=\"_blank\">\u00e5r 2023<\/a> som den tidigare g\u00e4ngledaren Duane \u201dKeffe D\u201d Davis \u00e5talades f\u00f6r mordet.<\/li>\n<li class=\"aw__sc-1yb43iq-1 gVAzbt\">Davis planerade mordet, och f\u00f6rs\u00e5g skytten med vapnet. Exakt vem som sk\u00f6t Tupac \u00e4r \u00e4nd\u00e5 oklart, eftersom alla andra som befann sig i bilen f\u00f6rutom Davis \u00e4r d\u00f6da.<\/li>\n<li class=\"aw__sc-1yb43iq-1 gVAzbt\">Tupac har beskrivits som en av hiphopens mest inflytelserika artister och \u00e4r k\u00e4nd f\u00f6r l\u00e5tar s\u00e5som California Love, Hit &#8217;Em Up och Changes.<\/li>\n<\/ul>\n<p class=\"aw__sc-1qwuw0s-0 aw__sc-ngllmo-0 epAWpq fzYpjk yle__article__paragraph\">Juryn i den uppm\u00e4rksammade r\u00e4tteg\u00e5ngen beh\u00f6vde bara n\u00e5gra timmar f\u00f6r att \u00f6verl\u00e4gga innan de meddelade att de enh\u00e4lligt funnit Duane \u201dKeffe D\u201d Davis skyldig f\u00f6r mordet p\u00e5 Tupac Shakur.<\/p>\n<p class=\"aw__sc-1qwuw0s-0 aw__sc-ngllmo-0 epAWpq fzYpjk yle__article__paragraph\">R\u00e4tteg\u00e5ngen och mordutredningen som helhet var exceptionell p\u00e5 m\u00e5nga s\u00e4tt.<\/p>\n<p><img decoding=\"async\" alt=\"En man i en bl\u00e5 kostym tittar \u00e5t sidan. M\u00e4nniskor syns i f\u00f6rgrunden.\" src=\"https:\/\/www.europesays.com\/se\/wp-content\/uploads\/2026\/09\/1787046678.jpeg\" loading=\"lazy\" class=\"aw__sc-dklauk-0 LPzKX\"\/><\/p>\n<p>\u00d6ppna bildvisare<\/p>\n<p>Duane \u201dKeffe D\u201d Davis har nekat till brott. Bild: Steve Marcus \/ AFPG\u00e4ngledaren som sa f\u00f6r mycket<\/p>\n<p class=\"aw__sc-1qwuw0s-0 aw__sc-ngllmo-0 epAWpq fzYpjk yle__article__paragraph\">Duane \u201dKeffe D\u201d Davis pekades ut som den misst\u00e4nkta f\u00f6r n\u00e5gra \u00e5r sedan d\u00e5 han sj\u00e4lv uppgav att han hade en roll i mordet p\u00e5 Tupac Shakur.<\/p>\n<p class=\"aw__sc-1qwuw0s-0 aw__sc-ngllmo-0 epAWpq fzYpjk yle__article__paragraph\">I memoarer, intervjuer och andra offentliga uttalanden har han ber\u00e4ttat att han befann sig i bilen fr\u00e5n vilken skotten som d\u00f6dade Tupac avlossades. Han har ocks\u00e5 sagt att det var han som gav pistolen till den som utf\u00f6rde skjutningen.<\/p>\n<p class=\"aw__sc-1qwuw0s-0 aw__sc-ngllmo-0 epAWpq fzYpjk yle__article__paragraph\">Enligt \u00e5klagaren var det han som planerade och organiserade skjutningen.<\/p>\n<p><img decoding=\"async\" alt=\"Tupac Shakur bredvid Suge Knight i BMW.\" src=\"https:\/\/www.europesays.com\/se\/wp-content\/uploads\/2026\/09\/1497604714.jpeg\" loading=\"lazy\" class=\"aw__sc-dklauk-0 LPzKX\"\/><\/p>\n<p>\u00d6ppna bildvisare<\/p>\n<p>Tupac Shakur och Suge Knight fotograferade strax innan skjutningen den 7 september 1996. Bild: creative commons<\/p>\n<p class=\"aw__sc-1qwuw0s-0 aw__sc-ngllmo-0 epAWpq fzYpjk yle__article__paragraph\">Tre andra m\u00e4n satt i bilen med Davis, bland dem hans systerson <strong class=\"aw__sc-ngllmo-2 gdRrun yle__article__strong\">Orlando Anderson<\/strong> som hade gr\u00e4lat med Tupac samma kv\u00e4ll som mordet.<\/p>\n<p class=\"aw__sc-1qwuw0s-0 aw__sc-ngllmo-0 epAWpq fzYpjk yle__article__paragraph\">Enligt Davis var det Anderson som avfyrade vapnet, men det har inte bekr\u00e4ftats.<\/p>\n<p class=\"aw__sc-1qwuw0s-0 aw__sc-ngllmo-0 epAWpq fzYpjk yle__article__paragraph\">\u2013 Duane Davis kunde inte l\u00e5ta gr\u00e4let g\u00e5 obem\u00e4rkt. S\u00e5 vad gjorde han? Han skaffade ett vapen, samlade sin trupp och inledde jakten p\u00e5 Tupac Shakur, s\u00e4ger \u00e5klagaren <strong class=\"aw__sc-ngllmo-2 gdRrun yle__article__strong\">Binu Palal<\/strong>.<\/p>\n<p class=\"aw__sc-1qwuw0s-0 aw__sc-ngllmo-0 epAWpq fzYpjk yle__article__paragraph\">Duane \u201dKeffe D\u201d Davis f\u00e5r sin slutliga dom den 13 oktober.<\/p>\n<p class=\"aw__sc-1qwuw0s-0 aw__sc-ngllmo-0 epAWpq fzYpjk yle__article__paragraph\">Han menar fortfarande att han \u00e4r helt oskyldig, och att han har \u00f6verdrivit och hittat p\u00e5 historier om mordet f\u00f6r att s\u00e4lja b\u00f6cker och f\u00e5 uppm\u00e4rksamhet.<\/p>\n<p class=\"aw__sc-1qwuw0s-0 aw__sc-ngllmo-0 epAWpq fzYpjk yle__article__paragraph\">K\u00e4llor: AFP, AP<\/p>\n","protected":false},"excerpt":{"rendered":"Duane \u201dKeffe D\u201d Davis var den som planerade och organiserade d\u00f6dsskjutningen. \u00d6ppna bildvisare Tupac Shakur har beskrivits som&hellip;\n","protected":false},"author":2,"featured_media":359949,"comment_status":"","ping_status":"","sticky":false,"template":"","format":"standard","meta":{"footnotes":"","_share_on_mastodon":"0"},"categories":[5],"tags":[22,23,128,3539,41041,26,27,17,21,194,24,25,28,29,1542,172,15,16,1537,18,34,31,33,32,30,19,20,35436,237,195],"class_list":["post-359948","post","type-post","status-publish","format-standard","has-post-thumbnail","category-rubriker","tag-breaking-news","tag-breakingnews","tag-brott","tag-brott-mot-liv","tag-drive-by-skjutning","tag-featured-news","tag-featurednews","tag-headlines","tag-huvudnyheter","tag-kultur","tag-latest-news","tag-latestnews","tag-main-news","tag-mainnews","tag-mord","tag-musik","tag-news","tag-nyheter","tag-rattegangar","tag-rubriker","tag-se","tag-svenska","tag-sverige","tag-sweden","tag-swedish","tag-top-stories","tag-topstories","tag-tupac-shakur","tag-utrikes","tag-yle-kultur"],"share_on_mastodon":{"url":"https:\/\/pubeurope.com\/@se\/117193366197422989","error":""},"_links":{"self":[{"href":"https:\/\/www.europesays.com\/se\/wp-json\/wp\/v2\/posts\/359948","targetHints":{"allow":["GET"]}}],"collection":[{"href":"https:\/\/www.europesays.com\/se\/wp-json\/wp\/v2\/posts"}],"about":[{"href":"https:\/\/www.europesays.com\/se\/wp-json\/wp\/v2\/types\/post"}],"author":[{"embeddable":true,"href":"https:\/\/www.europesays.com\/se\/wp-json\/wp\/v2\/users\/2"}],"replies":[{"embeddable":true,"href":"https:\/\/www.europesays.com\/se\/wp-json\/wp\/v2\/comments?post=359948"}],"version-history":[{"count":0,"href":"https:\/\/www.europesays.com\/se\/wp-json\/wp\/v2\/posts\/359948\/revisions"}],"wp:featuredmedia":[{"embeddable":true,"href":"https:\/\/www.europesays.com\/se\/wp-json\/wp\/v2\/media\/359949"}],"wp:attachment":[{"href":"https:\/\/www.europesays.com\/se\/wp-json\/wp\/v2\/media?parent=359948"}],"wp:term":[{"taxonomy":"category","embeddable":true,"href":"https:\/\/www.europesays.com\/se\/wp-json\/wp\/v2\/categories?post=359948"},{"taxonomy":"post_tag","embeddable":true,"href":"https:\/\/www.europesays.com\/se\/wp-json\/wp\/v2\/tags?post=359948"}],"curies":[{"name":"wp","href":"https:\/\/api.w.org\/{rel}","templated":true}]}}